{"id":9069,"date":"2020-09-04T18:57:09","date_gmt":"2020-09-04T15:57:09","guid":{"rendered":"http:\/\/www.scurtpe2.ro\/?p=9069"},"modified":"2020-09-04T18:57:09","modified_gmt":"2020-09-04T15:57:09","slug":"pregatiri-pentru-noul-an-scolar","status":"publish","type":"post","link":"https:\/\/scurtpe2.ro\/?p=9069","title":{"rendered":"PREG\u0102TIRI PENTRU NOUL AN \u0218COLAR"},"content":{"rendered":"<p>Autoritatile ramnicene, directorii de scoli si responsabili din domeniul medical s-au intalnit, zilele acestea, pentru a stabili masurile de siguranta necesare pentru debutul noului an scolar.\u00c2\u00a0La intalnirea organizata in cadrul Centrului Cultural din Rm. S\u0103rat,\u00c2\u00a0cadrele didactice au purtat discutii cu directorul medical al Spitalului Municipal, dar si cu medici epidemiologi si personalul medical din scolile ramnicene, pentru a stabili masurile de siguranta si protectie necesare elevilor. Autoritatile le recomanda parintilor sa fie responsabili pentru a depasi aceasta perioada.<\/p>\n<p>Scolile au \u00eenceput deja s\u0103 \u00ee\u0219i fac\u0103 planul pentru clase. Din septembrie, ar trebui s\u0103 fie un singur elev \u00een banc\u0103, la cel pu\u021bin un metru distan\u021b\u0103 de ceilal\u021bi. \u00cen timp ce unele unit\u0103\u021bi de \u00eenv\u0103\u021b\u0103m\u00e2nt au spa\u021biu suficient pentru copii, altele iau in calcul utilizarea tuturor spa\u021biilor disponibile, pentru ca elevii sa poata invata in conditii de siguranta.<\/p>\n","protected":false},"excerpt":{"rendered":"<p>Autoritatile ramnicene, directorii de scoli si responsabili din domeniul medical s-au intalnit, zilele acestea, pentru a stabili masurile de siguranta necesare pentru debutul noului an scolar.\u00c2\u00a0La intalnirea organizata in cadrul Centrului Cultural din Rm. S\u0103rat,\u00c2\u00a0cadrele didactice au purtat discutii cu directorul medical al Spitalului Municipal, dar si cu medici epidemiologi si personalul medical din scolile ramnicene, pentru a stabili masurile de siguranta si protectie necesare elevilor. Autoritatile le recomanda parintilor sa fie responsabili pentru a depasi aceasta perioada. Scolile au \u00eenceput deja s\u0103 \u00ee\u0219i fac\u0103 planul pentru clase. Din septembrie,&hellip;<\/p>\n","protected":false},"author":4,"featured_media":2906,"comment_status":"closed","ping_status":"closed","sticky":false,"template":"","format":"standard","meta":{"footnotes":""},"categories":[173,165],"tags":[256,246,2298,822,907],"class_list":["post-9069","post","type-post","status-publish","format-standard","has-post-thumbnail","hentry","category-administrativ","category-informatia-de-ramnic","tag-covid-19","tag-elevi","tag-parinti","tag-scoala","tag-siguranta"],"gutentor_comment":0,"_links":{"self":[{"href":"https:\/\/scurtpe2.ro\/index.php?rest_route=\/wp\/v2\/posts\/9069","targetHints":{"allow":["GET"]}}],"collection":[{"href":"https:\/\/scurtpe2.ro\/index.php?rest_route=\/wp\/v2\/posts"}],"about":[{"href":"https:\/\/scurtpe2.ro\/index.php?rest_route=\/wp\/v2\/types\/post"}],"author":[{"embeddable":true,"href":"https:\/\/scurtpe2.ro\/index.php?rest_route=\/wp\/v2\/users\/4"}],"replies":[{"embeddable":true,"href":"https:\/\/scurtpe2.ro\/index.php?rest_route=%2Fwp%2Fv2%2Fcomments&post=9069"}],"version-history":[{"count":0,"href":"https:\/\/scurtpe2.ro\/index.php?rest_route=\/wp\/v2\/posts\/9069\/revisions"}],"wp:featuredmedia":[{"embeddable":true,"href":"https:\/\/scurtpe2.ro\/index.php?rest_route=\/wp\/v2\/media\/2906"}],"wp:attachment":[{"href":"https:\/\/scurtpe2.ro\/index.php?rest_route=%2Fwp%2Fv2%2Fmedia&parent=9069"}],"wp:term":[{"taxonomy":"category","embeddable":true,"href":"https:\/\/scurtpe2.ro\/index.php?rest_route=%2Fwp%2Fv2%2Fcategories&post=9069"},{"taxonomy":"post_tag","embeddable":true,"href":"https:\/\/scurtpe2.ro\/index.php?rest_route=%2Fwp%2Fv2%2Ftags&post=9069"}],"curies":[{"name":"wp","href":"https:\/\/api.w.org\/{rel}","templated":true}]}}