{"id":8734,"date":"2020-08-11T18:28:32","date_gmt":"2020-08-11T15:28:32","guid":{"rendered":"http:\/\/www.scurtpe2.ro\/?p=8734"},"modified":"2020-08-11T18:28:32","modified_gmt":"2020-08-11T15:28:32","slug":"inaugurari-de-weekend","status":"publish","type":"post","link":"https:\/\/scurtpe2.ro\/?p=8734","title":{"rendered":"INAUGUR\u0102RI DE WEEKEND"},"content":{"rendered":"<p>Istoria nu se poate \u00eenv\u0103\u021ba doar din c\u0103r\u021bi! Este convingerea reprezentan\u021bilor Prim\u0103riei Buz\u0103u care au decis s\u0103 realizeze o expozi\u021bie permanent\u0103 de fotografii din vremurile trecute, \u00eentr-o loca\u021bie din centrul ora\u0219ului, recent inaugurat\u0103. Dup\u0103 modelul galeriei \u00een aer liber de pe Calea Eroilor, fotografii de mari dimensiuni, ce redau momente importante din istoria Buz\u0103ului, au fost montate chiar \u00een incinta pasajului de pe Bulevardul Unirii, din zona catedralei Sf\u00e2ntul Sava. Expozi\u021bia inedit\u0103 con\u021bine printre altele o poz\u0103 a documentului prin care Buz\u0103ul a fost atestat pentru prima. Alte fotografii ilustreaz\u0103 intrarea lui Cuza \u00een Buz\u0103u, inaugurarea de c\u0103tre Carol I a c\u0103ii ferate Bucure\u0219ti &#8222;\u201c Buz\u0103u &#8222;\u201c Gala\u021bi, vizita regelui Carol al II-lea la Cimitirul Eroilor din Buz\u0103u, dar \u0219i decernarea premiului Nobel hasdeianului George Emil Palade.<\/p>\n<p>Tot duminic\u0103, autorit\u0103\u021bile locale vor inaugura cel mai nou parc al municipiului Buz\u0103u. Este vorba despre parcul ,,Sfin\u021bii Martiri Br\u00e2ncoveni&#8221;, aflat l\u00e2ng\u0103 catedrala Sf. Sava, vis a vis de pasajul reabilitat de pe Bulevardul Unirii.<\/p>\n<p>De asemenea, autorit\u0103\u021bile buzoiene au \u00een plan transformarea pasajului subteran de la Gara Buz\u0103u \u00eentr-un spatiu expozitional dedicat istoriei CFR, \u00een contextul \u00een care \u00een acest an se \u00eemplinesc 150 de ani de la darea \u00een func\u021biune a liniei ferate Bucure\u0219ti &#8222;\u201c Buz\u0103u.<\/p>\n","protected":false},"excerpt":{"rendered":"<p>Istoria nu se poate \u00eenv\u0103\u021ba doar din c\u0103r\u021bi! Este convingerea reprezentan\u021bilor Prim\u0103riei Buz\u0103u care au decis s\u0103 realizeze o expozi\u021bie permanent\u0103 de fotografii din vremurile trecute, \u00eentr-o loca\u021bie din centrul ora\u0219ului, recent inaugurat\u0103. Dup\u0103 modelul galeriei \u00een aer liber de pe Calea Eroilor, fotografii de mari dimensiuni, ce redau momente importante din istoria Buz\u0103ului, au fost montate chiar \u00een incinta pasajului de pe Bulevardul Unirii, din zona catedralei Sf\u00e2ntul Sava. Expozi\u021bia inedit\u0103 con\u021bine printre altele o poz\u0103 a documentului prin care Buz\u0103ul a fost atestat pentru prima. Alte fotografii ilustreaz\u0103&hellip;<\/p>\n","protected":false},"author":4,"featured_media":8737,"comment_status":"closed","ping_status":"closed","sticky":false,"template":"","format":"standard","meta":{"footnotes":""},"categories":[173,168],"tags":[248,203,2208,2202,615,2199,2205],"class_list":["post-8734","post","type-post","status-publish","format-standard","has-post-thumbnail","hentry","category-administrativ","category-informatia-de-buzau","tag-autoritati","tag-buzau","tag-cale-ferata","tag-cuza","tag-expozitie","tag-fotografii","tag-gara-buzau"],"gutentor_comment":0,"_links":{"self":[{"href":"https:\/\/scurtpe2.ro\/index.php?rest_route=\/wp\/v2\/posts\/8734","targetHints":{"allow":["GET"]}}],"collection":[{"href":"https:\/\/scurtpe2.ro\/index.php?rest_route=\/wp\/v2\/posts"}],"about":[{"href":"https:\/\/scurtpe2.ro\/index.php?rest_route=\/wp\/v2\/types\/post"}],"author":[{"embeddable":true,"href":"https:\/\/scurtpe2.ro\/index.php?rest_route=\/wp\/v2\/users\/4"}],"replies":[{"embeddable":true,"href":"https:\/\/scurtpe2.ro\/index.php?rest_route=%2Fwp%2Fv2%2Fcomments&post=8734"}],"version-history":[{"count":0,"href":"https:\/\/scurtpe2.ro\/index.php?rest_route=\/wp\/v2\/posts\/8734\/revisions"}],"wp:featuredmedia":[{"embeddable":true,"href":"https:\/\/scurtpe2.ro\/index.php?rest_route=\/wp\/v2\/media\/8737"}],"wp:attachment":[{"href":"https:\/\/scurtpe2.ro\/index.php?rest_route=%2Fwp%2Fv2%2Fmedia&parent=8734"}],"wp:term":[{"taxonomy":"category","embeddable":true,"href":"https:\/\/scurtpe2.ro\/index.php?rest_route=%2Fwp%2Fv2%2Fcategories&post=8734"},{"taxonomy":"post_tag","embeddable":true,"href":"https:\/\/scurtpe2.ro\/index.php?rest_route=%2Fwp%2Fv2%2Ftags&post=8734"}],"curies":[{"name":"wp","href":"https:\/\/api.w.org\/{rel}","templated":true}]}}