{"id":6066,"date":"2019-12-23T15:31:05","date_gmt":"2019-12-23T12:31:05","guid":{"rendered":"http:\/\/www.scurtpe2.ro\/?p=6066"},"modified":"2019-12-20T19:37:57","modified_gmt":"2019-12-20T16:37:57","slug":"dispozitie-nr-387-privind-convocarea-consiliului-judetean-in-sedinta-ordinara-a-lunii-decembrie-2019","status":"publish","type":"post","link":"https:\/\/scurtpe2.ro\/?p=6066","title":{"rendered":"Pre\u0219edintele Consiliului jude\u021bean Buz\u00c4\u0192u,\r\n<p style=\"text-align: center;\">\u00c2\u00a0\u00c2\u00a0\u00c2\u00a0\u00c2\u00a0\u00c2\u00a0\u00c2\u00a0\u00c2\u00a0 \u00cen temeiul art.134, 178 alin.(1), 179 alin. (6) \u0219i art.196 alin.(1), lit. -\u017eb-\u009d\u00c2\u00a0 din Ordonan\u021ba de Urgen\u021b\u00c4\u0192 a Guvernului nr. 57\/2019 privind Codul Administrativ,<\/p>\r\n<p style=\"text-align: center;\"><\/p>\r\n<p style=\"text-align: center;\"><strong>DISPUNE :<\/strong><\/p>\r\n<p style=\"text-align: center;\"><\/p>\r\n<strong>\u00c2\u00a0\u00c2\u00a0\u00c2\u00a0\u00c2\u00a0\u00c2\u00a0\u00c2\u00a0\u00c2\u00a0 Art.1.(1) <\/strong>Se convoac\u00c4\u0192 Consiliul Jude\u021bean Buz\u00c4\u0192u \u00een \u0219edin\u021b\u00c4\u0192 ordinar\u00c4\u0192,\u00c2\u00a0 <strong>JOI, 19 DECEMBRIE 2019, ORA 10<sup>00<\/sup><em>.<\/em><\/strong>\r\n\r\n<strong><em>\u00c2\u00a0<\/em><\/strong><strong><em>\u00c2\u00a0\u00c2\u00a0\u00c2\u00a0\u00c2\u00a0\u00c2\u00a0\u00c2\u00a0\u00c2\u00a0 \u00c2\u00a0\u00c2\u00a0\u00c2\u00a0\u00c2\u00a0\u00c2\u00a0\u00c2\u00a0\u00c2\u00a0 <\/em><\/strong><strong>(2). <\/strong>\u00c5\u017eedin\u021ba va avea loc la sediul Consiliului Jude\u021bean Buz\u00c4\u0192u din Bulevardul Nicolae B\u00c4\u0192lcescu nr. 48, Sala -\u017eDimitrie Filipescu-\u009d cu urm\u00c4\u0192toarea ordine de zi:\r\n\r\n<strong>\u00c2\u00a0\u00c2\u00a0\u00c2\u00a0\u00c2\u00a0\u00c2\u00a0\u00c2\u00a0\u00c2\u00a0\u00c2\u00a0\u00c2\u00a0\u00c2\u00a0 PROIECTE DE HOT\u00c4\u201aR\u00c3\u201aRI PRIVIND:<\/strong><strong>\u00c2\u00a0<\/strong>\r\n<ol>\r\n \t<li>Execu\u021bia bugetului propriu al jude\u021bului Buz\u00c4\u0192u pe trimestrul IV 2019 pe cele dou\u00c4\u0192 sec\u021biuni;<\/li>\r\n<\/ol>\r\n<ol start=\"2\">\r\n \t<li>Rectificarea a VIII-a a bugetului propriu al jude\u021bului Buz\u00c4\u0192u pe anul 2019;<\/li>\r\n<\/ol>\r\n<ol start=\"3\">\r\n \t<li>Rectificarea a II-a a bugetului de venituri \u0219i cheltuieli pe anul 2019 al Direc\u021biei Jude\u021bene de Eviden\u021b\u00c4\u0192 a Persoanelor Buz\u00c4\u0192u;<\/li>\r\n<\/ol>\r\n<ol start=\"4\">\r\n \t<li>Rectificarea a IV-a a bugetului de venituri \u0219i cheltuieli pe anul 2019 al Centrului \u00c5\u017ecolar de Educa\u021bie Incluziv\u00c4\u0192 Buz\u00c4\u0192u;<\/li>\r\n<\/ol>\r\n<ol start=\"5\">\r\n \t<li>Rectificarea a III-a a bugetului de venituri \u0219i cheltuieli pe anul 2019 al Liceului Tehnologic Special pentru Copii cu Deficien\u021be Auditive Buz\u00c4\u0192u;<\/li>\r\n<\/ol>\r\n<ol start=\"6\">\r\n \t<li>Rectificarea a IV-a a bugetului de venituri \u0219i cheltuieli pe anul 2019 al Liceului Special pentru Deficien\u021bi de Vedere Buz\u00c4\u0192u;<\/li>\r\n<\/ol>\r\n<ol start=\"7\">\r\n \t<li>Rectificarea I\u00c2\u00a0 a bugetului de venituri \u0219i cheltuieli pe anul 2019 al Centrului \u00c5\u017ecolar de Educa\u021bie Incluziv\u00c4\u0192 Rm. S\u00c4\u0192rat;<\/li>\r\n<\/ol>\r\n<ol start=\"8\">\r\n \t<li>Rectificarea a V-a a bugetului de venituri \u0219i cheltuieli pe\u00c2\u00a0 anul 2019 al Direc\u021biei Generale de Asisten\u021b\u00c4\u0192 Social\u00c4\u0192 \u0219i Protec\u021bia Copilului Buz\u00c4\u0192u\u00c2\u00a0;<\/li>\r\n<\/ol>\r\n<ol start=\"9\">\r\n \t<li>Aprobarea formei actualizate II a Programului anual de achizi\u021bii publice al Consiliului Jude\u021bean Buz\u00c4\u0192u pentru anul 2019;<\/li>\r\n<\/ol>\r\n<ol start=\"10\">\r\n \t<li>Modificarea Hot\u00c4\u0192r\u0103rii Consiliului Jude\u021bean Buz\u00c4\u0192u nr. 216\/2018 privind aprobarea promov\u00c4\u0192rii proiectului -\u017eModernizare DJ 203H, km. 16+000 -\u201c 25+500, Buda -\u201c Alexandru Odobescu -\u201c Limit\u00c4\u0192 jude\u021b Vrancea, Jude\u021bul Buz\u00c4\u0192u-\u009d \u0219i a acordului de parteneriat \u00eentre UAT Jude\u021bul Buz\u00c4\u0192u \u0219i UAT Comuna Buda pentru realizarea acestuia -\u201c form\u00c4\u0192 actualizat\u00c4\u0192;<\/li>\r\n<\/ol>\r\n<ol start=\"11\">\r\n \t<li>Aprobarea trecerii din domeniul public \u00een domeniul privat a unor construc\u021bii -\u201c anexe la imobilul proprietate public\u00c4\u0192 a jude\u021bului Buz\u00c4\u0192u situat \u00een municipiul Buz\u00c4\u0192u, strada Stadionului, nr. 7 \u0219i aflat \u00een administrarea Spitalului Jude\u021bean de Urgen\u021b\u00c4\u0192 Buz\u00c4\u0192u;<\/li>\r\n<\/ol>\r\n<ol start=\"12\">\r\n \t<li>Completarea Hot\u00c4\u0192r\u0103rii Consiliului Jude\u021bean Buz\u00c4\u0192u nr. 217\/2018 privind trecerea din domeniul public al Jude\u021bului Buz\u00c4\u0192u \u00een domeniul privat al Jude\u021bului Buz\u00c4\u0192u a unor corpuri de cl\u00c4\u0192dire situate \u00een municipiul Buz\u00c4\u0192u, strada Bistri\u021bei nr. 45;<\/li>\r\n<\/ol>\r\n<ol start=\"13\">\r\n \t<li>Aprobarea Planului anual de ac\u021biune privind serviciile sociale administrate \u0219i finan\u021bate din bugetul jude\u021bean pentru anul 2020;<\/li>\r\n<\/ol>\r\n<ol start=\"14\">\r\n \t<li>Aprobarea modific\u00c4\u0192rii Actului Constitutiv \u0219i Statutului Asocia\u021biei de Dezvoltare Intercomunitar\u00c4\u0192 -\u017eBuz\u00c4\u0192u 2008-\u009d la care jude\u021bul Buz\u00c4\u0192u este membru asociat;<\/li>\r\n<\/ol>\r\n<ol start=\"15\">\r\n \t<li>Aprobarea Procedurii \u0219i modalit\u00c4\u0192\u021bilor de aducere la cuno\u0219tin\u021b\u00c4\u0192 public\u00c4\u0192 a proiectelor de acte normative, a hot\u00c4\u0192r\u0103rilor \u0219i dispozi\u021biilor cu caracter normativ \u0219i a m\u00c4\u0192surilor de interes jude\u021bean, respectiv pentru aprobarea Procedurii de organizare \u0219i publicare a Monitorului Oficial al Jude\u021bului Buz\u00c4\u0192u, \u00een format electronic;<\/li>\r\n<\/ol>\r\n<ol start=\"16\">\r\n \t<li>Aprobarea unor modific\u00c4\u0192ri \u00een statul de func\u021bii aprobat pentru aparatul de specialitate al Consiliului Jude\u021bean Buz\u00c4\u0192u;<\/li>\r\n<\/ol>\r\n<ol start=\"17\">\r\n \t<li>Aprobarea formei actualizate a statului de func\u021bii al Teatrului -\u017eGeorge Ciprian-\u009d Buz\u00c4\u0192u;<\/li>\r\n<\/ol>\r\n<ol start=\"18\">\r\n \t<li>Completarea anexelor nr. 1 \u0219i 2 la Hot\u00c4\u0192r\u0103rea Consiliului Jude\u021bean Buz\u00c4\u0192u nr. 215\/2019 pentru aprobarea de premii speciale elevilor din Jude\u021bul Buz\u00c4\u0192u care au ob\u021binut rezultate deosebite la olimpiadele \u0219colare na\u021bionale \u0219i interna\u021bionale, precum \u0219i profesorilor coordonatori \u00een anul \u0219colar 2018-2019.<\/li>\r\n<\/ol>\r\n<strong>Art.2. <\/strong>Proiectele de hot\u00c4\u0192r\u0103re \u00eenscrise pe ordinea de zi sunt ini\u021biate de Pre\u0219edintele Consiliului Jude\u021bean Buz\u00c4\u0192u;\r\n\r\n<strong>\u00c2\u00a0\u00c2\u00a0\u00c2\u00a0\u00c2\u00a0\u00c2\u00a0\u00c2\u00a0 Art.3.<\/strong> Materialele se comunic\u00c4\u0192 consilierilor jude\u021beni \u00een sistem electronic (e-mail) \u0219i se afi\u0219eaz\u00c4\u0192 pe site-ul autorit\u00c4\u0192\u021bii publice jude\u021bene.\r\n\r\n<strong>Art.4.<\/strong> Proiectele de hot\u00c4\u0192r\u0103ri \u00eenscrise pe ordinea de zi a \u0219edin\u021bei din 19.12.2019 se transmit, spre avizare, comisiilor de specialitate, dup\u00c4\u0192 cum urmeaz\u00c4\u0192:\r\n\r\n1. Comisia de studii, prognoze economico-sociale, buget finan\u021be \u0219i administrarea domeniului public \u0219i privat al jude\u021bului -\u201c pct. 1-18;\r\n\r\n2. Comisia pentru administra\u021bie public\u00c4\u0192 local\u00c4\u0192, juridic\u00c4\u0192, de disciplin\u00c4\u0192, ap\u00c4\u0192rarea ordinii publice, respectarea drepturilor \u0219i libert\u00c4\u0192\u021bilor cet\u00c4\u0192\u021benilor -\u201c pct. 1-18;\r\n\r\n3. Comisia de organizare \u0219i dezvoltare urbanistic\u00c4\u0192, realizarea lucr\u00c4\u0192rilor publice, protec\u021bia mediului \u00eenconjur\u00c4\u0192tor, conservarea monumentelor istorice \u0219i arhitectur\u00c4\u0192 -\u201c pct. 10,11,12,15;\r\n\r\n4. Comisia pentru servicii publice, comer\u021b \u0219i agricultur\u00c4\u0192 -\u201c pct. 13,17,18;\r\n\r\n5. Comisia pentru activit\u00c4\u0192\u021bi \u0219tiin\u021bifice, \u00eenv\u00c4\u0192\u021b\u00c4\u0192m\u0103nt, s\u00c4\u0192n\u00c4\u0192tate, cultur\u00c4\u0192, culte, protec\u021bie social\u00c4\u0192, sportive \u0219i de turism -\u201c pct. 13,15,18.\r\n\r\n<strong>\u00c2\u00a0 Art.5.<\/strong> Consilierii jude\u021beni pot formula, \u00een \u0219edin\u021bele comisiilor de specialitate sau \u00een plenul \u0219edin\u021bei, amendamente la toate proiectele de hot\u00c4\u0192r\u0103re \u00eenscrise pe ordinea de zi.\r\n\r\n<strong>\u00c2\u00a0 Art.6.<\/strong> Secretarul General al Jude\u021bului Buz\u00c4\u0192u \u0219i Direc\u021bia Juridic\u00c4\u0192 \u0219i Administra\u021bie Public\u00c4\u0192 Local\u00c4\u0192 vor aduce la \u00eendeplinire prevederile prezentei dispozi\u021bii care se comunic\u00c4\u0192 public.\r\n\r\n<strong>\u00c2\u00a0\u00c2\u00a0\u00c2\u00a0\u00c2\u00a0\u00c2\u00a0\u00c2\u00a0\u00c2\u00a0\u00c2\u00a0 BUZ\u00c4\u201aU, 11 DECEMBRIE 2019<\/strong>\r\n\r\n<strong>\u00c2\u00a0<\/strong><strong>\u00c2\u00a0<\/strong>\r\n\r\n<strong>\u00c2\u00a0\u00c2\u00a0\u00c2\u00a0\u00c2\u00a0\u00c2\u00a0\u00c2\u00a0\u00c2\u00a0\u00c2\u00a0\u00c2\u00a0\u00c2\u00a0\u00c2\u00a0\u00c2\u00a0\u00c2\u00a0\u00c2\u00a0\u00c2\u00a0\u00c2\u00a0\u00c2\u00a0\u00c2\u00a0\u00c2\u00a0\u00c2\u00a0\u00c2\u00a0\u00c2\u00a0\u00c2\u00a0\u00c2\u00a0 PRE\u00c5\u017eEDINTE,<\/strong>\r\n\r\n<strong>\u00c2\u00a0<\/strong><strong>\u00c2\u00a0\u00c2\u00a0\u00c2\u00a0\u00c2\u00a0\u00c2\u00a0\u00c2\u00a0\u00c2\u00a0\u00c2\u00a0\u00c2\u00a0\u00c2\u00a0\u00c2\u00a0\u00c2\u00a0\u00c2\u00a0\u00c2\u00a0\u00c2\u00a0\u00c2\u00a0 PETRE-EMANOIL NEAGU<\/strong>\r\n\r\n<strong>\u00c2\u00a0<\/strong>\r\n\r\n<strong>\u00c2\u00a0<\/strong><strong>\u00c2\u00a0\u00c2\u00a0\u00c2\u00a0\u00c2\u00a0 \u00c2\u00a0\u00c2\u00a0\u00c2\u00a0\u00c2\u00a0\u00c2\u00a0\u00c2\u00a0\u00c2\u00a0\u00c2\u00a0\u00c2\u00a0\u00c2\u00a0\u00c2\u00a0\u00c2\u00a0\u00c2\u00a0\u00c2\u00a0\u00c2\u00a0\u00c2\u00a0\u00c2\u00a0\u00c2\u00a0\u00c2\u00a0\u00c2\u00a0\u00c2\u00a0\u00c2\u00a0\u00c2\u00a0\u00c2\u00a0\u00c2\u00a0\u00c2\u00a0\u00c2\u00a0\u00c2\u00a0\u00c2\u00a0\u00c2\u00a0\u00c2\u00a0\u00c2\u00a0\u00c2\u00a0\u00c2\u00a0\u00c2\u00a0\u00c2\u00a0\u00c2\u00a0\u00c2\u00a0<\/strong>\r\n\r\n<strong>\u00c2\u00a0\u00c2\u00a0\u00c2\u00a0\u00c2\u00a0\u00c2\u00a0\u00c2\u00a0\u00c2\u00a0\u00c2\u00a0\u00c2\u00a0\u00c2\u00a0\u00c2\u00a0\u00c2\u00a0\u00c2\u00a0\u00c2\u00a0\u00c2\u00a0\u00c2\u00a0\u00c2\u00a0\u00c2\u00a0\u00c2\u00a0\u00c2\u00a0\u00c2\u00a0\u00c2\u00a0\u00c2\u00a0\u00c2\u00a0\u00c2\u00a0\u00c2\u00a0\u00c2\u00a0\u00c2\u00a0\u00c2\u00a0\u00c2\u00a0\u00c2\u00a0\u00c2\u00a0\u00c2\u00a0\u00c2\u00a0\u00c2\u00a0\u00c2\u00a0\u00c2\u00a0 AVIZAT PENTRU LEGALITATE<\/strong>\r\n\r\n<strong>\u00c2\u00a0\u00c2\u00a0 \u00c2\u00a0\u00c2\u00a0\u00c2\u00a0\u00c2\u00a0\u00c2\u00a0\u00c2\u00a0\u00c2\u00a0\u00c2\u00a0\u00c2\u00a0\u00c2\u00a0\u00c2\u00a0\u00c2\u00a0\u00c2\u00a0\u00c2\u00a0\u00c2\u00a0\u00c2\u00a0\u00c2\u00a0\u00c2\u00a0\u00c2\u00a0\u00c2\u00a0\u00c2\u00a0\u00c2\u00a0SECRETARUL GENERAL AL JUDE\u00c5\u00a2ULUI BUZ\u00c4\u201aU,<\/strong>\r\n\r\n<strong>\u00c2\u00a0\u00c2\u00a0 <\/strong>\r\n\r\n<strong>\u00c2\u00a0\u00c2\u00a0\u00c2\u00a0\u00c2\u00a0\u00c2\u00a0\u00c2\u00a0\u00c2\u00a0\u00c2\u00a0\u00c2\u00a0\u00c2\u00a0\u00c2\u00a0\u00c2\u00a0\u00c2\u00a0\u00c2\u00a0\u00c2\u00a0 \u00c2\u00a0\u00c2\u00a0\u00c2\u00a0MIHAI-LAUREN\u00c5\u00a2IU GAVRIL\u00c4\u201a<\/strong>"},"content":{"rendered":"<p>Pre\u0219edintele Consiliului jude\u021bean Buz\u0103u,<\/p>\n<p style=\"text-align: center;\">\u00c2\u00a0\u00c2\u00a0\u00c2\u00a0\u00c2\u00a0\u00c2\u00a0\u00c2\u00a0\u00c2\u00a0 \u00cen temeiul art.134, 178 alin.(1), 179 alin. (6) \u0219i art.196 alin.(1), lit. &#8222;\u017eb&#8221;\u009d\u00c2\u00a0 din Ordonan\u021ba de Urgen\u021b\u0103 a Guvernului nr. 57\/2019 privind Codul Administrativ,<\/p>\n<p style=\"text-align: center;\">\n<p style=\"text-align: center;\"><strong>DISPUNE :<\/strong><\/p>\n<p style=\"text-align: center;\">\n<p><strong>\u00c2\u00a0\u00c2\u00a0\u00c2\u00a0\u00c2\u00a0\u00c2\u00a0\u00c2\u00a0\u00c2\u00a0 Art.1.(1) <\/strong>Se convoac\u0103 Consiliul Jude\u021bean Buz\u0103u \u00een \u0219edin\u021b\u0103 ordinar\u0103,\u00c2\u00a0 <strong>JOI, 19 DECEMBRIE 2019, ORA 10<sup>00<\/sup><em>.<\/em><\/strong><\/p>\n<p><strong><em>\u00c2\u00a0<\/em><\/strong><strong><em>\u00c2\u00a0\u00c2\u00a0\u00c2\u00a0\u00c2\u00a0\u00c2\u00a0\u00c2\u00a0\u00c2\u00a0 \u00c2\u00a0\u00c2\u00a0\u00c2\u00a0\u00c2\u00a0\u00c2\u00a0\u00c2\u00a0\u00c2\u00a0 <\/em><\/strong><strong>(2). <\/strong>\u00c5\u017eedin\u021ba va avea loc la sediul Consiliului Jude\u021bean Buz\u0103u din Bulevardul Nicolae B\u0103lcescu nr. 48, Sala &#8222;\u017eDimitrie Filipescu&#8221;\u009d cu urm\u0103toarea ordine de zi:<\/p>\n<p><strong>\u00c2\u00a0\u00c2\u00a0\u00c2\u00a0\u00c2\u00a0\u00c2\u00a0\u00c2\u00a0\u00c2\u00a0\u00c2\u00a0\u00c2\u00a0\u00c2\u00a0 PROIECTE DE HOT\u00c4\u201aR\u00c3\u201aRI PRIVIND:<\/strong><strong>\u00c2\u00a0<\/strong><\/p>\n<ol>\n<li>Execu\u021bia bugetului propriu al jude\u021bului Buz\u0103u pe trimestrul IV 2019 pe cele dou\u0103 sec\u021biuni;<\/li>\n<\/ol>\n<ol start=\"2\">\n<li>Rectificarea a VIII-a a bugetului propriu al jude\u021bului Buz\u0103u pe anul 2019;<\/li>\n<\/ol>\n<ol start=\"3\">\n<li>Rectificarea a II-a a bugetului de venituri \u0219i cheltuieli pe anul 2019 al Direc\u021biei Jude\u021bene de Eviden\u021b\u0103 a Persoanelor Buz\u0103u;<\/li>\n<\/ol>\n<ol start=\"4\">\n<li>Rectificarea a IV-a a bugetului de venituri \u0219i cheltuieli pe anul 2019 al Centrului \u00c5\u017ecolar de Educa\u021bie Incluziv\u0103 Buz\u0103u;<\/li>\n<\/ol>\n<ol start=\"5\">\n<li>Rectificarea a III-a a bugetului de venituri \u0219i cheltuieli pe anul 2019 al Liceului Tehnologic Special pentru Copii cu Deficien\u021be Auditive Buz\u0103u;<\/li>\n<\/ol>\n<ol start=\"6\">\n<li>Rectificarea a IV-a a bugetului de venituri \u0219i cheltuieli pe anul 2019 al Liceului Special pentru Deficien\u021bi de Vedere Buz\u0103u;<\/li>\n<\/ol>\n<ol start=\"7\">\n<li>Rectificarea I\u00c2\u00a0 a bugetului de venituri \u0219i cheltuieli pe anul 2019 al Centrului \u00c5\u017ecolar de Educa\u021bie Incluziv\u0103 Rm. S\u0103rat;<\/li>\n<\/ol>\n<ol start=\"8\">\n<li>Rectificarea a V-a a bugetului de venituri \u0219i cheltuieli pe\u00c2\u00a0 anul 2019 al Direc\u021biei Generale de Asisten\u021b\u0103 Social\u0103 \u0219i Protec\u021bia Copilului Buz\u0103u\u00c2\u00a0;<\/li>\n<\/ol>\n<ol start=\"9\">\n<li>Aprobarea formei actualizate II a Programului anual de achizi\u021bii publice al Consiliului Jude\u021bean Buz\u0103u pentru anul 2019;<\/li>\n<\/ol>\n<ol start=\"10\">\n<li>Modificarea Hot\u0103r\u0103rii Consiliului Jude\u021bean Buz\u0103u nr. 216\/2018 privind aprobarea promov\u0103rii proiectului &#8222;\u017eModernizare DJ 203H, km. 16+000 &#8222;\u201c 25+500, Buda &#8222;\u201c Alexandru Odobescu &#8222;\u201c Limit\u0103 jude\u021b Vrancea, Jude\u021bul Buz\u0103u&#8221;\u009d \u0219i a acordului de parteneriat \u00eentre UAT Jude\u021bul Buz\u0103u \u0219i UAT Comuna Buda pentru realizarea acestuia &#8222;\u201c form\u0103 actualizat\u0103;<\/li>\n<\/ol>\n<ol start=\"11\">\n<li>Aprobarea trecerii din domeniul public \u00een domeniul privat a unor construc\u021bii &#8222;\u201c anexe la imobilul proprietate public\u0103 a jude\u021bului Buz\u0103u situat \u00een municipiul Buz\u0103u, strada Stadionului, nr. 7 \u0219i aflat \u00een administrarea Spitalului Jude\u021bean de Urgen\u021b\u0103 Buz\u0103u;<\/li>\n<\/ol>\n<ol start=\"12\">\n<li>Completarea Hot\u0103r\u0103rii Consiliului Jude\u021bean Buz\u0103u nr. 217\/2018 privind trecerea din domeniul public al Jude\u021bului Buz\u0103u \u00een domeniul privat al Jude\u021bului Buz\u0103u a unor corpuri de cl\u0103dire situate \u00een municipiul Buz\u0103u, strada Bistri\u021bei nr. 45;<\/li>\n<\/ol>\n<ol start=\"13\">\n<li>Aprobarea Planului anual de ac\u021biune privind serviciile sociale administrate \u0219i finan\u021bate din bugetul jude\u021bean pentru anul 2020;<\/li>\n<\/ol>\n<ol start=\"14\">\n<li>Aprobarea modific\u0103rii Actului Constitutiv \u0219i Statutului Asocia\u021biei de Dezvoltare Intercomunitar\u0103 &#8222;\u017eBuz\u0103u 2008&#8243;\u009d la care jude\u021bul Buz\u0103u este membru asociat;<\/li>\n<\/ol>\n<ol start=\"15\">\n<li>Aprobarea Procedurii \u0219i modalit\u0103\u021bilor de aducere la cuno\u0219tin\u021b\u0103 public\u0103 a proiectelor de acte normative, a hot\u0103r\u0103rilor \u0219i dispozi\u021biilor cu caracter normativ \u0219i a m\u0103surilor de interes jude\u021bean, respectiv pentru aprobarea Procedurii de organizare \u0219i publicare a Monitorului Oficial al Jude\u021bului Buz\u0103u, \u00een format electronic;<\/li>\n<\/ol>\n<ol start=\"16\">\n<li>Aprobarea unor modific\u0103ri \u00een statul de func\u021bii aprobat pentru aparatul de specialitate al Consiliului Jude\u021bean Buz\u0103u;<\/li>\n<\/ol>\n<ol start=\"17\">\n<li>Aprobarea formei actualizate a statului de func\u021bii al Teatrului &#8222;\u017eGeorge Ciprian&#8221;\u009d Buz\u0103u;<\/li>\n<\/ol>\n<ol start=\"18\">\n<li>Completarea anexelor nr. 1 \u0219i 2 la Hot\u0103r\u0103rea Consiliului Jude\u021bean Buz\u0103u nr. 215\/2019 pentru aprobarea de premii speciale elevilor din Jude\u021bul Buz\u0103u care au ob\u021binut rezultate deosebite la olimpiadele \u0219colare na\u021bionale \u0219i interna\u021bionale, precum \u0219i profesorilor coordonatori \u00een anul \u0219colar 2018-2019.<\/li>\n<\/ol>\n<p><strong>Art.2. <\/strong>Proiectele de hot\u0103r\u0103re \u00eenscrise pe ordinea de zi sunt ini\u021biate de Pre\u0219edintele Consiliului Jude\u021bean Buz\u0103u;<\/p>\n<p><strong>\u00c2\u00a0\u00c2\u00a0\u00c2\u00a0\u00c2\u00a0\u00c2\u00a0\u00c2\u00a0 Art.3.<\/strong> Materialele se comunic\u0103 consilierilor jude\u021beni \u00een sistem electronic (e-mail) \u0219i se afi\u0219eaz\u0103 pe site-ul autorit\u0103\u021bii publice jude\u021bene.<\/p>\n<p><strong>Art.4.<\/strong> Proiectele de hot\u0103r\u0103ri \u00eenscrise pe ordinea de zi a \u0219edin\u021bei din 19.12.2019 se transmit, spre avizare, comisiilor de specialitate, dup\u0103 cum urmeaz\u0103:<\/p>\n<p>1. Comisia de studii, prognoze economico-sociale, buget finan\u021be \u0219i administrarea domeniului public \u0219i privat al jude\u021bului &#8222;\u201c pct. 1-18;<\/p>\n<p>2. Comisia pentru administra\u021bie public\u0103 local\u0103, juridic\u0103, de disciplin\u0103, ap\u0103rarea ordinii publice, respectarea drepturilor \u0219i libert\u0103\u021bilor cet\u0103\u021benilor &#8222;\u201c pct. 1-18;<\/p>\n<p>3. Comisia de organizare \u0219i dezvoltare urbanistic\u0103, realizarea lucr\u0103rilor publice, protec\u021bia mediului \u00eenconjur\u0103tor, conservarea monumentelor istorice \u0219i arhitectur\u0103 &#8222;\u201c pct. 10,11,12,15;<\/p>\n<p>4. Comisia pentru servicii publice, comer\u021b \u0219i agricultur\u0103 &#8222;\u201c pct. 13,17,18;<\/p>\n<p>5. Comisia pentru activit\u0103\u021bi \u0219tiin\u021bifice, \u00eenv\u0103\u021b\u0103m\u0103nt, s\u0103n\u0103tate, cultur\u0103, culte, protec\u021bie social\u0103, sportive \u0219i de turism &#8222;\u201c pct. 13,15,18.<\/p>\n<p><strong>\u00c2\u00a0 Art.5.<\/strong> Consilierii jude\u021beni pot formula, \u00een \u0219edin\u021bele comisiilor de specialitate sau \u00een plenul \u0219edin\u021bei, amendamente la toate proiectele de hot\u0103r\u0103re \u00eenscrise pe ordinea de zi.<\/p>\n<p><strong>\u00c2\u00a0 Art.6.<\/strong> Secretarul General al Jude\u021bului Buz\u0103u \u0219i Direc\u021bia Juridic\u0103 \u0219i Administra\u021bie Public\u0103 Local\u0103 vor aduce la \u00eendeplinire prevederile prezentei dispozi\u021bii care se comunic\u0103 public.<\/p>\n<p><strong>\u00c2\u00a0\u00c2\u00a0\u00c2\u00a0\u00c2\u00a0\u00c2\u00a0\u00c2\u00a0\u00c2\u00a0\u00c2\u00a0 BUZ\u00c4\u201aU, 11 DECEMBRIE 2019<\/strong><\/p>\n<p><strong>\u00c2\u00a0<\/strong><strong>\u00c2\u00a0<\/strong><\/p>\n<p><strong>\u00c2\u00a0\u00c2\u00a0\u00c2\u00a0\u00c2\u00a0\u00c2\u00a0\u00c2\u00a0\u00c2\u00a0\u00c2\u00a0\u00c2\u00a0\u00c2\u00a0\u00c2\u00a0\u00c2\u00a0\u00c2\u00a0\u00c2\u00a0\u00c2\u00a0\u00c2\u00a0\u00c2\u00a0\u00c2\u00a0\u00c2\u00a0\u00c2\u00a0\u00c2\u00a0\u00c2\u00a0\u00c2\u00a0\u00c2\u00a0 PRE\u00c5\u017eEDINTE,<\/strong><\/p>\n<p><strong>\u00c2\u00a0<\/strong><strong>\u00c2\u00a0\u00c2\u00a0\u00c2\u00a0\u00c2\u00a0\u00c2\u00a0\u00c2\u00a0\u00c2\u00a0\u00c2\u00a0\u00c2\u00a0\u00c2\u00a0\u00c2\u00a0\u00c2\u00a0\u00c2\u00a0\u00c2\u00a0\u00c2\u00a0\u00c2\u00a0 PETRE-EMANOIL NEAGU<\/strong><\/p>\n<p><strong>\u00c2\u00a0<\/strong><\/p>\n<p><strong>\u00c2\u00a0<\/strong><strong>\u00c2\u00a0\u00c2\u00a0\u00c2\u00a0\u00c2\u00a0 \u00c2\u00a0\u00c2\u00a0\u00c2\u00a0\u00c2\u00a0\u00c2\u00a0\u00c2\u00a0\u00c2\u00a0\u00c2\u00a0\u00c2\u00a0\u00c2\u00a0\u00c2\u00a0\u00c2\u00a0\u00c2\u00a0\u00c2\u00a0\u00c2\u00a0\u00c2\u00a0\u00c2\u00a0\u00c2\u00a0\u00c2\u00a0\u00c2\u00a0\u00c2\u00a0\u00c2\u00a0\u00c2\u00a0\u00c2\u00a0\u00c2\u00a0\u00c2\u00a0\u00c2\u00a0\u00c2\u00a0\u00c2\u00a0\u00c2\u00a0\u00c2\u00a0\u00c2\u00a0\u00c2\u00a0\u00c2\u00a0\u00c2\u00a0\u00c2\u00a0\u00c2\u00a0\u00c2\u00a0<\/strong><\/p>\n<p><strong>\u00c2\u00a0\u00c2\u00a0\u00c2\u00a0\u00c2\u00a0\u00c2\u00a0\u00c2\u00a0\u00c2\u00a0\u00c2\u00a0\u00c2\u00a0\u00c2\u00a0\u00c2\u00a0\u00c2\u00a0\u00c2\u00a0\u00c2\u00a0\u00c2\u00a0\u00c2\u00a0\u00c2\u00a0\u00c2\u00a0\u00c2\u00a0\u00c2\u00a0\u00c2\u00a0\u00c2\u00a0\u00c2\u00a0\u00c2\u00a0\u00c2\u00a0\u00c2\u00a0\u00c2\u00a0\u00c2\u00a0\u00c2\u00a0\u00c2\u00a0\u00c2\u00a0\u00c2\u00a0\u00c2\u00a0\u00c2\u00a0\u00c2\u00a0\u00c2\u00a0\u00c2\u00a0 AVIZAT PENTRU LEGALITATE<\/strong><\/p>\n<p><strong>\u00c2\u00a0\u00c2\u00a0 \u00c2\u00a0\u00c2\u00a0\u00c2\u00a0\u00c2\u00a0\u00c2\u00a0\u00c2\u00a0\u00c2\u00a0\u00c2\u00a0\u00c2\u00a0\u00c2\u00a0\u00c2\u00a0\u00c2\u00a0\u00c2\u00a0\u00c2\u00a0\u00c2\u00a0\u00c2\u00a0\u00c2\u00a0\u00c2\u00a0\u00c2\u00a0\u00c2\u00a0\u00c2\u00a0\u00c2\u00a0SECRETARUL GENERAL AL JUDE\u00c5\u00a2ULUI BUZ\u00c4\u201aU,<\/strong><\/p>\n<p><strong>\u00c2\u00a0\u00c2\u00a0 <\/strong><\/p>\n<p><strong>\u00c2\u00a0\u00c2\u00a0\u00c2\u00a0\u00c2\u00a0\u00c2\u00a0\u00c2\u00a0\u00c2\u00a0\u00c2\u00a0\u00c2\u00a0\u00c2\u00a0\u00c2\u00a0\u00c2\u00a0\u00c2\u00a0\u00c2\u00a0\u00c2\u00a0 \u00c2\u00a0\u00c2\u00a0\u00c2\u00a0MIHAI-LAUREN\u00c5\u00a2IU GAVRIL\u00c4\u201a<\/strong><\/p>\n","protected":false},"excerpt":{"rendered":"<p>Pre\u0219edintele Consiliului jude\u021bean Buz\u0103u, \u00c2\u00a0\u00c2\u00a0\u00c2\u00a0\u00c2\u00a0\u00c2\u00a0\u00c2\u00a0\u00c2\u00a0 \u00cen temeiul art.134, 178 alin.(1), 179 alin. (6) \u0219i art.196 alin.(1), lit. &#8222;\u017eb&#8221;\u009d\u00c2\u00a0 din Ordonan\u021ba de Urgen\u021b\u0103 a Guvernului nr. 57\/2019 privind Codul Administrativ, DISPUNE : \u00c2\u00a0\u00c2\u00a0\u00c2\u00a0\u00c2\u00a0\u00c2\u00a0\u00c2\u00a0\u00c2\u00a0 Art.1.(1) Se convoac\u0103 Consiliul Jude\u021bean Buz\u0103u \u00een \u0219edin\u021b\u0103 ordinar\u0103,\u00c2\u00a0 JOI, 19 DECEMBRIE 2019, ORA 1000. \u00c2\u00a0\u00c2\u00a0\u00c2\u00a0\u00c2\u00a0\u00c2\u00a0\u00c2\u00a0\u00c2\u00a0\u00c2\u00a0 \u00c2\u00a0\u00c2\u00a0\u00c2\u00a0\u00c2\u00a0\u00c2\u00a0\u00c2\u00a0\u00c2\u00a0 (2). \u00c5\u017eedin\u021ba va avea loc la sediul Consiliului Jude\u021bean Buz\u0103u din Bulevardul Nicolae B\u0103lcescu nr. 48, Sala &#8222;\u017eDimitrie Filipescu&#8221;\u009d cu urm\u0103toarea ordine de zi: \u00c2\u00a0\u00c2\u00a0\u00c2\u00a0\u00c2\u00a0\u00c2\u00a0\u00c2\u00a0\u00c2\u00a0\u00c2\u00a0\u00c2\u00a0\u00c2\u00a0 PROIECTE DE HOT\u00c4\u201aR\u00c3\u201aRI PRIVIND:\u00c2\u00a0 Execu\u021bia bugetului propriu al jude\u021bului Buz\u0103u pe trimestrul IV 2019 pe cele&hellip;<\/p>\n","protected":false},"author":2,"featured_media":3253,"comment_status":"open","ping_status":"open","sticky":false,"template":"","format":"standard","meta":{"footnotes":""},"categories":[145],"tags":[],"class_list":["post-6066","post","type-post","status-publish","format-standard","has-post-thumbnail","hentry","category-hotarari-cj-buzau"],"gutentor_comment":0,"_links":{"self":[{"href":"https:\/\/scurtpe2.ro\/index.php?rest_route=\/wp\/v2\/posts\/6066","targetHints":{"allow":["GET"]}}],"collection":[{"href":"https:\/\/scurtpe2.ro\/index.php?rest_route=\/wp\/v2\/posts"}],"about":[{"href":"https:\/\/scurtpe2.ro\/index.php?rest_route=\/wp\/v2\/types\/post"}],"author":[{"embeddable":true,"href":"https:\/\/scurtpe2.ro\/index.php?rest_route=\/wp\/v2\/users\/2"}],"replies":[{"embeddable":true,"href":"https:\/\/scurtpe2.ro\/index.php?rest_route=%2Fwp%2Fv2%2Fcomments&post=6066"}],"version-history":[{"count":0,"href":"https:\/\/scurtpe2.ro\/index.php?rest_route=\/wp\/v2\/posts\/6066\/revisions"}],"wp:featuredmedia":[{"embeddable":true,"href":"https:\/\/scurtpe2.ro\/index.php?rest_route=\/wp\/v2\/media\/3253"}],"wp:attachment":[{"href":"https:\/\/scurtpe2.ro\/index.php?rest_route=%2Fwp%2Fv2%2Fmedia&parent=6066"}],"wp:term":[{"taxonomy":"category","embeddable":true,"href":"https:\/\/scurtpe2.ro\/index.php?rest_route=%2Fwp%2Fv2%2Fcategories&post=6066"},{"taxonomy":"post_tag","embeddable":true,"href":"https:\/\/scurtpe2.ro\/index.php?rest_route=%2Fwp%2Fv2%2Ftags&post=6066"}],"curies":[{"name":"wp","href":"https:\/\/api.w.org\/{rel}","templated":true}]}}