{"id":6056,"date":"2019-12-14T13:54:44","date_gmt":"2019-12-14T10:54:44","guid":{"rendered":"http:\/\/www.scurtpe2.ro\/?p=6056"},"modified":"2020-01-23T16:51:34","modified_gmt":"2020-01-23T13:51:34","slug":"scurt-pe-2-nr-459-superstitiile-parlamentarilor","status":"publish","type":"post","link":"https:\/\/scurtpe2.ro\/?p=6056","title":{"rendered":"Scurt pe 2 Nr. 459: Supersti\u021biile parlamentarilor"},"content":{"rendered":"<p>Care vor fi taxele locale de anul viitor, c\u00e2\u021bi r\u00e2mniceni nu \u0219i-au pl\u0103tit impozitele, cum va arat\u0103 noua structur\u0103 de conducere de la Prefectur\u0103, cine \u0219i-a anun\u021bat inten\u021bia de a intra \u00een politic\u0103 \u0219i cum vor fi modernizate pasajele subterane din Buz\u0103u,\u00c2\u00a0 afla\u021bi din edi\u021bia de vineri a publica\u021biei\u00c2\u00a0 Scurt pe 2. \u00cen plus ave\u021bi informa\u021bii despre tradi\u021biile, obiceiurile \u0219i trend-urile de s\u0103rb\u0103tori precum \u0219i programul concertelor de colinde \u0219i a t\u00e2rgurilor de Cr\u0103ciun .<\/p>\n<p>Cere\u021bi la difuzorii de pres\u0103 Scurt pe 2 \u0219i ve\u021bi primi \u00een acela\u0219i pre\u021b \u0219i suplimentul Talciocul Buzoian, anun\u021bul dumneavoastr\u0103 de mic\u0103 \u0219i mare publicitate din jude\u021b.<\/p>\n<p>[button href=&#8221;http:\/\/scurtpe2.ro\/wp-content\/arhiva\/nr459\/nr459.html&#8221; align=&#8221;left&#8221;]R\u0103sfoie\u0219te ziarul&#8230;[\/button]<\/p>\n","protected":false},"excerpt":{"rendered":"<p>Care vor fi taxele locale de anul viitor, c\u00e2\u021bi r\u00e2mniceni nu \u0219i-au pl\u0103tit impozitele, cum va arat\u0103 noua structur\u0103 de conducere de la Prefectur\u0103, cine \u0219i-a anun\u021bat inten\u021bia de a intra \u00een politic\u0103 \u0219i cum vor fi modernizate pasajele subterane din Buz\u0103u,\u00c2\u00a0 afla\u021bi din edi\u021bia de vineri a publica\u021biei\u00c2\u00a0 Scurt pe 2. \u00cen plus ave\u021bi informa\u021bii despre tradi\u021biile, obiceiurile \u0219i trend-urile de s\u0103rb\u0103tori precum \u0219i programul concertelor de colinde \u0219i a t\u00e2rgurilor de Cr\u0103ciun . Cere\u021bi la difuzorii de pres\u0103 Scurt pe 2 \u0219i ve\u021bi primi \u00een acela\u0219i pre\u021b \u0219i&hellip;<\/p>\n","protected":false},"author":2,"featured_media":6057,"comment_status":"open","ping_status":"open","sticky":false,"template":"","format":"standard","meta":{"footnotes":""},"categories":[117],"tags":[],"class_list":["post-6056","post","type-post","status-publish","format-standard","has-post-thumbnail","hentry","category-scurtpe2"],"gutentor_comment":0,"_links":{"self":[{"href":"https:\/\/scurtpe2.ro\/index.php?rest_route=\/wp\/v2\/posts\/6056","targetHints":{"allow":["GET"]}}],"collection":[{"href":"https:\/\/scurtpe2.ro\/index.php?rest_route=\/wp\/v2\/posts"}],"about":[{"href":"https:\/\/scurtpe2.ro\/index.php?rest_route=\/wp\/v2\/types\/post"}],"author":[{"embeddable":true,"href":"https:\/\/scurtpe2.ro\/index.php?rest_route=\/wp\/v2\/users\/2"}],"replies":[{"embeddable":true,"href":"https:\/\/scurtpe2.ro\/index.php?rest_route=%2Fwp%2Fv2%2Fcomments&post=6056"}],"version-history":[{"count":0,"href":"https:\/\/scurtpe2.ro\/index.php?rest_route=\/wp\/v2\/posts\/6056\/revisions"}],"wp:featuredmedia":[{"embeddable":true,"href":"https:\/\/scurtpe2.ro\/index.php?rest_route=\/wp\/v2\/media\/6057"}],"wp:attachment":[{"href":"https:\/\/scurtpe2.ro\/index.php?rest_route=%2Fwp%2Fv2%2Fmedia&parent=6056"}],"wp:term":[{"taxonomy":"category","embeddable":true,"href":"https:\/\/scurtpe2.ro\/index.php?rest_route=%2Fwp%2Fv2%2Fcategories&post=6056"},{"taxonomy":"post_tag","embeddable":true,"href":"https:\/\/scurtpe2.ro\/index.php?rest_route=%2Fwp%2Fv2%2Ftags&post=6056"}],"curies":[{"name":"wp","href":"https:\/\/api.w.org\/{rel}","templated":true}]}}