{"id":3021,"date":"2015-09-08T10:45:25","date_gmt":"2015-09-08T07:45:25","guid":{"rendered":"http:\/\/www.scurtpe2.ro\/?p=3021"},"modified":"2015-09-08T10:45:53","modified_gmt":"2015-09-08T07:45:53","slug":"ce-ne-facem-daca-si-economia-romaneasca","status":"publish","type":"post","link":"https:\/\/scurtpe2.ro\/?p=3021","title":{"rendered":"Ce ne facem dac\u0103-\u00a6 \u0219i economia rom\u00e2neasc\u0103"},"content":{"rendered":"<p>Ce ne facem dac\u0103&#8221;\u00a6 \u0219i economia rom\u00e2neasc\u0103<\/p>\n","protected":false},"excerpt":{"rendered":"<p>Ce ne facem dac\u0103&#8221;\u00a6 \u0219i economia rom\u00e2neasc\u0103<\/p>\n","protected":false},"author":2,"featured_media":3022,"comment_status":"open","ping_status":"open","sticky":false,"template":"","format":"standard","meta":{"footnotes":""},"categories":[143],"tags":[],"class_list":["post-3021","post","type-post","status-publish","format-standard","has-post-thumbnail","hentry","category-editoriale"],"gutentor_comment":0,"_links":{"self":[{"href":"https:\/\/scurtpe2.ro\/index.php?rest_route=\/wp\/v2\/posts\/3021","targetHints":{"allow":["GET"]}}],"collection":[{"href":"https:\/\/scurtpe2.ro\/index.php?rest_route=\/wp\/v2\/posts"}],"about":[{"href":"https:\/\/scurtpe2.ro\/index.php?rest_route=\/wp\/v2\/types\/post"}],"author":[{"embeddable":true,"href":"https:\/\/scurtpe2.ro\/index.php?rest_route=\/wp\/v2\/users\/2"}],"replies":[{"embeddable":true,"href":"https:\/\/scurtpe2.ro\/index.php?rest_route=%2Fwp%2Fv2%2Fcomments&post=3021"}],"version-history":[{"count":0,"href":"https:\/\/scurtpe2.ro\/index.php?rest_route=\/wp\/v2\/posts\/3021\/revisions"}],"wp:featuredmedia":[{"embeddable":true,"href":"https:\/\/scurtpe2.ro\/index.php?rest_route=\/wp\/v2\/media\/3022"}],"wp:attachment":[{"href":"https:\/\/scurtpe2.ro\/index.php?rest_route=%2Fwp%2Fv2%2Fmedia&parent=3021"}],"wp:term":[{"taxonomy":"category","embeddable":true,"href":"https:\/\/scurtpe2.ro\/index.php?rest_route=%2Fwp%2Fv2%2Fcategories&post=3021"},{"taxonomy":"post_tag","embeddable":true,"href":"https:\/\/scurtpe2.ro\/index.php?rest_route=%2Fwp%2Fv2%2Ftags&post=3021"}],"curies":[{"name":"wp","href":"https:\/\/api.w.org\/{rel}","templated":true}]}}