{"id":25596,"date":"2026-08-31T19:18:33","date_gmt":"2026-08-31T16:18:33","guid":{"rendered":"https:\/\/scurtpe2.ro\/?p=25596"},"modified":"2026-08-31T19:18:33","modified_gmt":"2026-08-31T16:18:33","slug":"dublu-eveniment-cultural","status":"publish","type":"post","link":"https:\/\/scurtpe2.ro\/?p=25596","title":{"rendered":"DUBLU EVENIMENT CULTURAL"},"content":{"rendered":"<p>Un nou eveniment cultural a avut loc, zilele acestea, la R\u00e2mnicu S\u0103rat. Oameni de cultur\u0103 \u0219i personalit\u0103\u021bi locale au participat la lansarea num\u0103rului 6 al publica\u021biei \u201dFoaia R\u00e2mnicului\u201d, precum \u0219i la lansarea volumului de versuri \u201dAmalgam\u201d, semnat de Viorel Dodan. ,,Foaia R\u00e2mnicului\u201d este o publica\u021bie care ofer\u0103 informa\u021bii din cultur\u0103, literatur\u0103, religie, istorie \u0219i arte, \u0219i este coordonat\u0103 de Asocia\u021bia Cultural\u0103 ,,Octavian Mo\u0219escu\u201d.<\/p>\n<p>La eveniment au fost prezen\u021bi \u0219i reprezentan\u021bii Prim\u0103riei, \u00a0care apreciaz\u0103 efortul \u0219i implicarea ini\u021biatorilor acestui demers cultural.<\/p>\n<p>\u00cen cadrul evenimentului a fost lansat \u0219i volumul de versuri \u201dAmalgam\u201d, semnat de Viorel Dodan. Volumul, a\u0219a cum \u00eei spune \u0219i numele, este un amestec de emo\u021bii \u0219i sentimente pe care, de-a lungul timpului, autorul le-am transpus \u00een versuri.<\/p>\n<p>De la \u00eenfiin\u021bare, Asocia\u021bia Cultural\u0103 ,,Octavian Mo\u0219escu\u201d \u0219i-a propus s\u0103 celebreze personalit\u0103\u021bile locale \u0219i s\u0103 organizeze diferite evenimente culturale care s\u0103 promoveze R\u00e2mnicu S\u0103rat \u0219i frumoasa zon\u0103 a V\u0103ii R\u00e2mnicului.<\/p>\n","protected":false},"excerpt":{"rendered":"<p>Un nou eveniment cultural a avut loc, zilele acestea, la R\u00e2mnicu S\u0103rat. Oameni de cultur\u0103 \u0219i personalit\u0103\u021bi locale au participat la lansarea num\u0103rului 6 al publica\u021biei \u201dFoaia R\u00e2mnicului\u201d, precum \u0219i la lansarea volumului de versuri \u201dAmalgam\u201d, semnat de Viorel Dodan. ,,Foaia R\u00e2mnicului\u201d este o publica\u021bie care ofer\u0103 informa\u021bii din cultur\u0103, literatur\u0103, religie, istorie \u0219i arte, \u0219i este coordonat\u0103 de Asocia\u021bia Cultural\u0103 ,,Octavian Mo\u0219escu\u201d. La eveniment au fost prezen\u021bi \u0219i reprezentan\u021bii Prim\u0103riei, \u00a0care apreciaz\u0103 efortul \u0219i implicarea ini\u021biatorilor acestui demers cultural. \u00cen cadrul evenimentului a fost lansat \u0219i volumul de versuri&hellip;<\/p>\n","protected":false},"author":4,"featured_media":25597,"comment_status":"closed","ping_status":"closed","sticky":false,"template":"","format":"standard","meta":{"footnotes":""},"categories":[165],"tags":[1457,6041,1453,6092,8761],"class_list":["post-25596","post","type-post","status-publish","format-standard","has-post-thumbnail","hentry","category-informatia-de-ramnic","tag-cultura","tag-foaia-ramnicului","tag-octavian-mosescu","tag-versuri","tag-viorel-dodan"],"gutentor_comment":0,"_links":{"self":[{"href":"https:\/\/scurtpe2.ro\/index.php?rest_route=\/wp\/v2\/posts\/25596","targetHints":{"allow":["GET"]}}],"collection":[{"href":"https:\/\/scurtpe2.ro\/index.php?rest_route=\/wp\/v2\/posts"}],"about":[{"href":"https:\/\/scurtpe2.ro\/index.php?rest_route=\/wp\/v2\/types\/post"}],"author":[{"embeddable":true,"href":"https:\/\/scurtpe2.ro\/index.php?rest_route=\/wp\/v2\/users\/4"}],"replies":[{"embeddable":true,"href":"https:\/\/scurtpe2.ro\/index.php?rest_route=%2Fwp%2Fv2%2Fcomments&post=25596"}],"version-history":[{"count":1,"href":"https:\/\/scurtpe2.ro\/index.php?rest_route=\/wp\/v2\/posts\/25596\/revisions"}],"predecessor-version":[{"id":25598,"href":"https:\/\/scurtpe2.ro\/index.php?rest_route=\/wp\/v2\/posts\/25596\/revisions\/25598"}],"wp:featuredmedia":[{"embeddable":true,"href":"https:\/\/scurtpe2.ro\/index.php?rest_route=\/wp\/v2\/media\/25597"}],"wp:attachment":[{"href":"https:\/\/scurtpe2.ro\/index.php?rest_route=%2Fwp%2Fv2%2Fmedia&parent=25596"}],"wp:term":[{"taxonomy":"category","embeddable":true,"href":"https:\/\/scurtpe2.ro\/index.php?rest_route=%2Fwp%2Fv2%2Fcategories&post=25596"},{"taxonomy":"post_tag","embeddable":true,"href":"https:\/\/scurtpe2.ro\/index.php?rest_route=%2Fwp%2Fv2%2Ftags&post=25596"}],"curies":[{"name":"wp","href":"https:\/\/api.w.org\/{rel}","templated":true}]}}