{"id":25590,"date":"2026-08-31T11:08:18","date_gmt":"2026-08-31T08:08:18","guid":{"rendered":"https:\/\/scurtpe2.ro\/?p=25590"},"modified":"2026-08-31T11:08:18","modified_gmt":"2026-08-31T08:08:18","slug":"premiere-pentru-implicare-sau-pentru-atasare","status":"publish","type":"post","link":"https:\/\/scurtpe2.ro\/?p=25590","title":{"rendered":"PREMIERE PENTRU IMPLICARE SAU PENTRU ATA\u0218ARE?"},"content":{"rendered":"<p>Prim\u0103ria \u0219i Consiliul Local Municipal Rm. S\u0103rat au organizat, \u0219i \u00een acest an, o recep\u021bie festiv\u0103 cu ocazia \u201dZilelor municipiului\u201d. Evenimentul a avut loc \u00een curtea Complexului Br\u00e2ncovenesc, unde au fost invita\u021bi reprezentan\u021bi ai administra\u021biei din Rm S\u0103rat, personalit\u0103\u021bi locale, elevi, dar \u0219i oameni de afaceri. Numero\u0219i participan\u021bi au fost premia\u021bi pentru activitatea desf\u0103\u0219urat\u0103 de-a lungul anilor \u0219i contribu\u021bia adus\u0103 la dezvoltarea ora\u0219ului. Printre cei nominaliza\u021bi s-au aflat r\u00e2mniceni, oameni care s-au implicat cu adev\u0103rat \u00een dezvoltarea \u0219i bunul mers al lucrurilor \u00een comunitatea local\u0103, dar au primit distinc\u021bii \u0219i persoane care sunt necunoscute publicului.<\/p>\n<p>Mul\u021bi cet\u0103\u021beni consider\u0103, \u00eens\u0103, c\u0103, \u00eentr-un moment de austeritate, nu este deloc normal ca autorit\u0103\u021bile s\u0103-\u0219i \u00eempart\u0103 premii, care \u00een cele mai multe cazuri, spun ei, nu ar reflecta neap\u0103rat performan\u021ba, ci gradul de afiliere la factorul politic. Unii dintre r\u00e2mniceni se \u00eentreab\u0103 dac\u0103 nu cumva premiile au fost acordate pe criterii de interese \u0219i apartenen\u021b\u0103 de partid, pentru c\u0103, pe mul\u021bi dintre cei premia\u021bi nici nu \u00eei cunosc. R\u00e2mnicenii consider\u0103 c\u0103 pe lista \u201dambasadorilor\u201d municipiului R\u00e2mnicu S\u0103rat ar fi putut fi nominaliza\u021bi oameni ai locului, care s-au implicat cu adev\u0103rat pentru ora\u0219ul lor.<\/p>\n<p>Probabil c\u0103 activitatea celor premia\u021bi este de apreciat, dar a\u0219a cum sus\u021bin cet\u0103\u021benii, sunt mul\u021bi r\u00e2mniceni care merit\u0103 apreciere \u0219i distinc\u021bii pentru munca depus\u0103 \u0219i dedicarea fa\u021b\u0103 de comunitatea local\u0103.<\/p>\n<p>Este de apreciat activitatea medicilor care au l\u0103sat marile spitale \u0219i au venit la R\u00e2mnicu S\u0103rat, unde efectueaz\u0103 g\u0103rzi \u0219i arat\u0103 respect \u0219i empatie pacien\u021bilor.<\/p>\n<p>Sunt profesori aprecia\u021bi de p\u0103rin\u021bi \u0219i elevii pentru efortul \u0219i implicarea \u00een activitatea educativ\u0103, f\u0103r\u0103 a a\u0219tepta distinc\u021bii sau premii din partea cuiva.<\/p>\n<p>Sunt antreprenori care sus\u021bin de ani de zile elevii \u0219i b\u0103tr\u00e2nii, sunt tineri care-\u0219i promoveaz\u0103 zilnic cartierul \u0219i ora\u0219ul \u00een care tr\u0103iesc, prin imaginile postate pe re\u021belele de socializare, sper\u00e2nd c\u0103 acas\u0103 \u00ee\u0219i vor g\u0103si rostul.<\/p>\n<p>At\u00e2t timp, \u00eens\u0103, c\u00e2t diplomele \u0219i titlurile sunt acordate mereu acelora\u0219i persoane, ele \u00ee\u0219i pierd simbolul \u00een ochii cet\u0103\u021benilor, care \u00eenc\u0103 mai sper\u0103 la binele societ\u0103\u021bii \u0219i al comunit\u0103\u021bii \u00een care tr\u0103iesc.<\/p>\n","protected":false},"excerpt":{"rendered":"<p>Prim\u0103ria \u0219i Consiliul Local Municipal Rm. S\u0103rat au organizat, \u0219i \u00een acest an, o recep\u021bie festiv\u0103 cu ocazia \u201dZilelor municipiului\u201d. Evenimentul a avut loc \u00een curtea Complexului Br\u00e2ncovenesc, unde au fost invita\u021bi reprezentan\u021bi ai administra\u021biei din Rm S\u0103rat, personalit\u0103\u021bi locale, elevi, dar \u0219i oameni de afaceri. Numero\u0219i participan\u021bi au fost premia\u021bi pentru activitatea desf\u0103\u0219urat\u0103 de-a lungul anilor \u0219i contribu\u021bia adus\u0103 la dezvoltarea ora\u0219ului. Printre cei nominaliza\u021bi s-au aflat r\u00e2mniceni, oameni care s-au implicat cu adev\u0103rat \u00een dezvoltarea \u0219i bunul mers al lucrurilor \u00een comunitatea local\u0103, dar au primit distinc\u021bii \u0219i&hellip;<\/p>\n","protected":false},"author":4,"featured_media":25591,"comment_status":"closed","ping_status":"closed","sticky":false,"template":"","format":"standard","meta":{"footnotes":""},"categories":[165],"tags":[5408,233,2167,778,8760,7459],"class_list":["post-25590","post","type-post","status-publish","format-standard","has-post-thumbnail","hentry","category-informatia-de-ramnic","tag-diploma","tag-medici","tag-premii","tag-ramniceni","tag-receptie-festiva","tag-zilele-municipiului"],"gutentor_comment":0,"_links":{"self":[{"href":"https:\/\/scurtpe2.ro\/index.php?rest_route=\/wp\/v2\/posts\/25590","targetHints":{"allow":["GET"]}}],"collection":[{"href":"https:\/\/scurtpe2.ro\/index.php?rest_route=\/wp\/v2\/posts"}],"about":[{"href":"https:\/\/scurtpe2.ro\/index.php?rest_route=\/wp\/v2\/types\/post"}],"author":[{"embeddable":true,"href":"https:\/\/scurtpe2.ro\/index.php?rest_route=\/wp\/v2\/users\/4"}],"replies":[{"embeddable":true,"href":"https:\/\/scurtpe2.ro\/index.php?rest_route=%2Fwp%2Fv2%2Fcomments&post=25590"}],"version-history":[{"count":1,"href":"https:\/\/scurtpe2.ro\/index.php?rest_route=\/wp\/v2\/posts\/25590\/revisions"}],"predecessor-version":[{"id":25592,"href":"https:\/\/scurtpe2.ro\/index.php?rest_route=\/wp\/v2\/posts\/25590\/revisions\/25592"}],"wp:featuredmedia":[{"embeddable":true,"href":"https:\/\/scurtpe2.ro\/index.php?rest_route=\/wp\/v2\/media\/25591"}],"wp:attachment":[{"href":"https:\/\/scurtpe2.ro\/index.php?rest_route=%2Fwp%2Fv2%2Fmedia&parent=25590"}],"wp:term":[{"taxonomy":"category","embeddable":true,"href":"https:\/\/scurtpe2.ro\/index.php?rest_route=%2Fwp%2Fv2%2Fcategories&post=25590"},{"taxonomy":"post_tag","embeddable":true,"href":"https:\/\/scurtpe2.ro\/index.php?rest_route=%2Fwp%2Fv2%2Ftags&post=25590"}],"curies":[{"name":"wp","href":"https:\/\/api.w.org\/{rel}","templated":true}]}}