{"id":24819,"date":"2026-05-01T19:44:06","date_gmt":"2026-05-01T16:44:06","guid":{"rendered":"https:\/\/scurtpe2.ro\/?p=24819"},"modified":"2026-05-01T19:44:06","modified_gmt":"2026-05-01T16:44:06","slug":"organigrama-cu-viziune","status":"publish","type":"post","link":"https:\/\/scurtpe2.ro\/?p=24819","title":{"rendered":"ORGANIGRAM\u0102 CU&#8230; VIZIUNE"},"content":{"rendered":"<p>Auditul extern, anun\u021bat cu aproape 3 luni \u00een urm\u0103 de pre\u0219edintele Consiliului Jude\u021bean Buz\u0103u, Marcel Ciolacu, a fost \u00een sf\u00e2r\u0219it finalizat. \u00cen urma auditului, organigrama institu\u021biei va suferi unele modific\u0103ri \u021bintite pe investi\u021bii \u0219i atragerea de fonduri europene. Potrivit lui Ciolacu, toate acestea vor fi realizate printr-un singur departament bine pus la punct. Mai exact, Direc\u021biile de Investi\u021bii, de Achizi\u021bii \u0219i de Dezvoltare vor fi comasate \u00eentr-una singur\u0103, care va fi condus\u0103 de un director general.<\/p>\n<p>Noua rea\u0219ezare a angaja\u021bilor din Consiliul Jude\u021bean ar urma s\u0103 fie reg\u00e2ndit\u0103 \u00een mod vizionar \u0219i pus\u0103 \u00een aplicare \u00een viitorul apropiat. \u00cencep\u00e2nd de\u00a0 s\u0103pt\u0103m\u00e2na viitoare, Marcel Ciolacu va purta discu\u021bii cu fiecare \u0219ef de serviciu \u0219i director din cadrul institu\u021biei. Cert este \u00eens\u0103 c\u0103 dup\u0103 noua organigram\u0103 ar urma s\u0103 r\u0103m\u00e2n\u0103 doar 18 posturi de conducere.<\/p>\n<p>Ciolacu a subliniat c\u0103 institu\u021bia are nevoie \u0219i de angaj\u0103ri, mai ales la departamentul de urbanism, unde principala problem\u0103 este lipsa unui arhitect-\u0219ef, post neocupat de cinci ani.<\/p>\n<p>Deocamdat\u0103, \u0219efii Consiliului Jude\u021bean Buz\u0103u nu au anun\u021bat disponibiliz\u0103ri, ci doar o rea\u0219ezare pe func\u021bii.<\/p>\n","protected":false},"excerpt":{"rendered":"<p>Auditul extern, anun\u021bat cu aproape 3 luni \u00een urm\u0103 de pre\u0219edintele Consiliului Jude\u021bean Buz\u0103u, Marcel Ciolacu, a fost \u00een sf\u00e2r\u0219it finalizat. \u00cen urma auditului, organigrama institu\u021biei va suferi unele modific\u0103ri \u021bintite pe investi\u021bii \u0219i atragerea de fonduri europene. Potrivit lui Ciolacu, toate acestea vor fi realizate printr-un singur departament bine pus la punct. Mai exact, Direc\u021biile de Investi\u021bii, de Achizi\u021bii \u0219i de Dezvoltare vor fi comasate \u00eentr-una singur\u0103, care va fi condus\u0103 de un director general. Noua rea\u0219ezare a angaja\u021bilor din Consiliul Jude\u021bean ar urma s\u0103 fie reg\u00e2ndit\u0103 \u00een mod&hellip;<\/p>\n","protected":false},"author":4,"featured_media":24705,"comment_status":"closed","ping_status":"closed","sticky":false,"template":"","format":"standard","meta":{"footnotes":""},"categories":[173,168],"tags":[8589,3817,6349],"class_list":["post-24819","post","type-post","status-publish","format-standard","has-post-thumbnail","hentry","category-administrativ","category-informatia-de-buzau","tag-audit-extern","tag-cj-buzau","tag-organigrama"],"gutentor_comment":0,"_links":{"self":[{"href":"https:\/\/scurtpe2.ro\/index.php?rest_route=\/wp\/v2\/posts\/24819","targetHints":{"allow":["GET"]}}],"collection":[{"href":"https:\/\/scurtpe2.ro\/index.php?rest_route=\/wp\/v2\/posts"}],"about":[{"href":"https:\/\/scurtpe2.ro\/index.php?rest_route=\/wp\/v2\/types\/post"}],"author":[{"embeddable":true,"href":"https:\/\/scurtpe2.ro\/index.php?rest_route=\/wp\/v2\/users\/4"}],"replies":[{"embeddable":true,"href":"https:\/\/scurtpe2.ro\/index.php?rest_route=%2Fwp%2Fv2%2Fcomments&post=24819"}],"version-history":[{"count":1,"href":"https:\/\/scurtpe2.ro\/index.php?rest_route=\/wp\/v2\/posts\/24819\/revisions"}],"predecessor-version":[{"id":24820,"href":"https:\/\/scurtpe2.ro\/index.php?rest_route=\/wp\/v2\/posts\/24819\/revisions\/24820"}],"wp:featuredmedia":[{"embeddable":true,"href":"https:\/\/scurtpe2.ro\/index.php?rest_route=\/wp\/v2\/media\/24705"}],"wp:attachment":[{"href":"https:\/\/scurtpe2.ro\/index.php?rest_route=%2Fwp%2Fv2%2Fmedia&parent=24819"}],"wp:term":[{"taxonomy":"category","embeddable":true,"href":"https:\/\/scurtpe2.ro\/index.php?rest_route=%2Fwp%2Fv2%2Fcategories&post=24819"},{"taxonomy":"post_tag","embeddable":true,"href":"https:\/\/scurtpe2.ro\/index.php?rest_route=%2Fwp%2Fv2%2Ftags&post=24819"}],"curies":[{"name":"wp","href":"https:\/\/api.w.org\/{rel}","templated":true}]}}