{"id":24816,"date":"2026-04-30T19:28:32","date_gmt":"2026-04-30T16:28:32","guid":{"rendered":"https:\/\/scurtpe2.ro\/?p=24816"},"modified":"2026-05-01T19:31:21","modified_gmt":"2026-05-01T16:31:21","slug":"pentru-un-oras-mai-curat-2","status":"publish","type":"post","link":"https:\/\/scurtpe2.ro\/?p=24816","title":{"rendered":"PENTRU UN ORA\u0218 MAI CURAT"},"content":{"rendered":"<p>Municipiul R\u00e2mnicu S\u0103rat este un ora\u0219 mai curat comparativ cu anii trecu\u021bi, dar \u00eenc\u0103 mai sunt de realizat pa\u0219i importan\u021bi \u00een solu\u021bionarea unor probleme de mediu. Cu efortul tuturor factorilor implica\u021bi \u0219i cu sprijinul cet\u0103\u021benilor, situa\u021bia ar putea fi gestionat\u0103 cu succes. Aceasta este opinia reprezentan\u021bilor Poli\u021biei Locale din R\u00e2mnicu S\u0103rat, care precizeaz\u0103 c\u0103, \u00een ultimii ani, autorit\u0103\u021bile locale au luat o serie de m\u0103suri \u0219i au ini\u021biat mai multe ac\u021biuni cu scopul de a rezolva problemele de mediu.<\/p>\n<p>Reprezentan\u021bii Poli\u021biei Local\u0103 R\u00e2mnicu S\u0103rat sunt convin\u0219i c\u0103 la acest efort pot contribui \u0219i cet\u0103\u021benii municipiului, care trebuie s\u0103 se implice \u00een continuare \u00een rezolvarea problemelor \u0219i s\u0103 \u00een\u021beleag\u0103 responsabilit\u0103\u021bile le revin pentru a avea un mediu curat \u0219i s\u0103n\u0103tos.<\/p>\n<p>Colectarea selectiv\u0103 a gunoiului menajer \u0219i depozitarea corect\u0103 a diferitelor resturi pot contribui la un mediu mai curat \u0219i o via\u021b\u0103 mai s\u0103n\u0103toas\u0103.<\/p>\n","protected":false},"excerpt":{"rendered":"<p>Municipiul R\u00e2mnicu S\u0103rat este un ora\u0219 mai curat comparativ cu anii trecu\u021bi, dar \u00eenc\u0103 mai sunt de realizat pa\u0219i importan\u021bi \u00een solu\u021bionarea unor probleme de mediu. Cu efortul tuturor factorilor implica\u021bi \u0219i cu sprijinul cet\u0103\u021benilor, situa\u021bia ar putea fi gestionat\u0103 cu succes. Aceasta este opinia reprezentan\u021bilor Poli\u021biei Locale din R\u00e2mnicu S\u0103rat, care precizeaz\u0103 c\u0103, \u00een ultimii ani, autorit\u0103\u021bile locale au luat o serie de m\u0103suri \u0219i au ini\u021biat mai multe ac\u021biuni cu scopul de a rezolva problemele de mediu. Reprezentan\u021bii Poli\u021biei Local\u0103 R\u00e2mnicu S\u0103rat sunt convin\u0219i c\u0103 la acest efort&hellip;<\/p>\n","protected":false},"author":4,"featured_media":24817,"comment_status":"closed","ping_status":"closed","sticky":false,"template":"","format":"standard","meta":{"footnotes":""},"categories":[165],"tags":[3311,1777,1526,720],"class_list":["post-24816","post","type-post","status-publish","format-standard","has-post-thumbnail","hentry","category-informatia-de-ramnic","tag-colectare-selectiva","tag-gunoi","tag-mediu","tag-politia-locala"],"gutentor_comment":0,"_links":{"self":[{"href":"https:\/\/scurtpe2.ro\/index.php?rest_route=\/wp\/v2\/posts\/24816","targetHints":{"allow":["GET"]}}],"collection":[{"href":"https:\/\/scurtpe2.ro\/index.php?rest_route=\/wp\/v2\/posts"}],"about":[{"href":"https:\/\/scurtpe2.ro\/index.php?rest_route=\/wp\/v2\/types\/post"}],"author":[{"embeddable":true,"href":"https:\/\/scurtpe2.ro\/index.php?rest_route=\/wp\/v2\/users\/4"}],"replies":[{"embeddable":true,"href":"https:\/\/scurtpe2.ro\/index.php?rest_route=%2Fwp%2Fv2%2Fcomments&post=24816"}],"version-history":[{"count":1,"href":"https:\/\/scurtpe2.ro\/index.php?rest_route=\/wp\/v2\/posts\/24816\/revisions"}],"predecessor-version":[{"id":24818,"href":"https:\/\/scurtpe2.ro\/index.php?rest_route=\/wp\/v2\/posts\/24816\/revisions\/24818"}],"wp:featuredmedia":[{"embeddable":true,"href":"https:\/\/scurtpe2.ro\/index.php?rest_route=\/wp\/v2\/media\/24817"}],"wp:attachment":[{"href":"https:\/\/scurtpe2.ro\/index.php?rest_route=%2Fwp%2Fv2%2Fmedia&parent=24816"}],"wp:term":[{"taxonomy":"category","embeddable":true,"href":"https:\/\/scurtpe2.ro\/index.php?rest_route=%2Fwp%2Fv2%2Fcategories&post=24816"},{"taxonomy":"post_tag","embeddable":true,"href":"https:\/\/scurtpe2.ro\/index.php?rest_route=%2Fwp%2Fv2%2Ftags&post=24816"}],"curies":[{"name":"wp","href":"https:\/\/api.w.org\/{rel}","templated":true}]}}