{"id":24814,"date":"2026-04-30T19:09:40","date_gmt":"2026-04-30T16:09:40","guid":{"rendered":"https:\/\/scurtpe2.ro\/?p=24814"},"modified":"2026-05-01T19:28:00","modified_gmt":"2026-05-01T16:28:00","slug":"alarma-demografica","status":"publish","type":"post","link":"https:\/\/scurtpe2.ro\/?p=24814","title":{"rendered":"ALARM\u0102 DEMOGRAFIC\u0102"},"content":{"rendered":"<p>Date \u00eengrijor\u0103toare privind evolu\u021bia demografic\u0103 \u00een jude\u021bul Buz\u0103u. De\u0219i luna decembrie 2025 a adus 220 de z\u00e2mbete noi \u00een maternit\u0103\u021bile din jude\u021b, cifrele sunt \u00een sc\u0103dere fa\u021b\u0103 de anul precedent. \u0218i mai grav este c\u0103 decesele \u00eenregistrate \u00een aceast\u0103 perioad\u0103 este de aproape 3 ori mai mare fa\u021b\u0103 de num\u0103rul de na\u0219teri. Speciali\u0219tii atrag aten\u021bia c\u0103 aceast\u0103 sc\u0103dere demografic\u0103 s-a sim\u021bit pe toat\u0103 durata anului 2025.<\/p>\n<p>Aceast\u0103 tendin\u021b\u0103 plaseaz\u0103 Buz\u0103ul pe un loc coda\u0219 la nivel na\u021bional \u0219i confirm\u0103 declinul demografic cu care se confrunt\u0103 regiunea.<\/p>\n<p>Datele Direc\u021biei de Statistic\u0103 mai arat\u0103 c\u0103 Buz\u0103ul este un jude\u021b \u00a0\u00eemb\u0103tr\u00e2nit, aflat sub semnul declinului demografic.<\/p>\n<p>Jude\u021bul Buz\u0103u \u00eenregistreaz\u0103 o \u00eemb\u0103tr\u00e2nire accelerat\u0103 din cauza unei combina\u021bii de factori demografici \u0219i socio-economici, care au dus la o sc\u0103dere a popula\u021biei, iar acest proces afecteaz\u0103 \u00een special zonele rurale.<\/p>\n","protected":false},"excerpt":{"rendered":"<p>Date \u00eengrijor\u0103toare privind evolu\u021bia demografic\u0103 \u00een jude\u021bul Buz\u0103u. De\u0219i luna decembrie 2025 a adus 220 de z\u00e2mbete noi \u00een maternit\u0103\u021bile din jude\u021b, cifrele sunt \u00een sc\u0103dere fa\u021b\u0103 de anul precedent. \u0218i mai grav este c\u0103 decesele \u00eenregistrate \u00een aceast\u0103 perioad\u0103 este de aproape 3 ori mai mare fa\u021b\u0103 de num\u0103rul de na\u0219teri. Speciali\u0219tii atrag aten\u021bia c\u0103 aceast\u0103 sc\u0103dere demografic\u0103 s-a sim\u021bit pe toat\u0103 durata anului 2025. Aceast\u0103 tendin\u021b\u0103 plaseaz\u0103 Buz\u0103ul pe un loc coda\u0219 la nivel na\u021bional \u0219i confirm\u0103 declinul demografic cu care se confrunt\u0103 regiunea. Datele Direc\u021biei de Statistic\u0103&hellip;<\/p>\n","protected":false},"author":4,"featured_media":16436,"comment_status":"closed","ping_status":"closed","sticky":false,"template":"","format":"standard","meta":{"footnotes":""},"categories":[173],"tags":[2872,8588,6331,1218],"class_list":["post-24814","post","type-post","status-publish","format-standard","has-post-thumbnail","hentry","category-administrativ","tag-deces","tag-declin-demografic","tag-nastere","tag-populatie"],"gutentor_comment":0,"_links":{"self":[{"href":"https:\/\/scurtpe2.ro\/index.php?rest_route=\/wp\/v2\/posts\/24814","targetHints":{"allow":["GET"]}}],"collection":[{"href":"https:\/\/scurtpe2.ro\/index.php?rest_route=\/wp\/v2\/posts"}],"about":[{"href":"https:\/\/scurtpe2.ro\/index.php?rest_route=\/wp\/v2\/types\/post"}],"author":[{"embeddable":true,"href":"https:\/\/scurtpe2.ro\/index.php?rest_route=\/wp\/v2\/users\/4"}],"replies":[{"embeddable":true,"href":"https:\/\/scurtpe2.ro\/index.php?rest_route=%2Fwp%2Fv2%2Fcomments&post=24814"}],"version-history":[{"count":1,"href":"https:\/\/scurtpe2.ro\/index.php?rest_route=\/wp\/v2\/posts\/24814\/revisions"}],"predecessor-version":[{"id":24815,"href":"https:\/\/scurtpe2.ro\/index.php?rest_route=\/wp\/v2\/posts\/24814\/revisions\/24815"}],"wp:featuredmedia":[{"embeddable":true,"href":"https:\/\/scurtpe2.ro\/index.php?rest_route=\/wp\/v2\/media\/16436"}],"wp:attachment":[{"href":"https:\/\/scurtpe2.ro\/index.php?rest_route=%2Fwp%2Fv2%2Fmedia&parent=24814"}],"wp:term":[{"taxonomy":"category","embeddable":true,"href":"https:\/\/scurtpe2.ro\/index.php?rest_route=%2Fwp%2Fv2%2Fcategories&post=24814"},{"taxonomy":"post_tag","embeddable":true,"href":"https:\/\/scurtpe2.ro\/index.php?rest_route=%2Fwp%2Fv2%2Ftags&post=24814"}],"curies":[{"name":"wp","href":"https:\/\/api.w.org\/{rel}","templated":true}]}}