{"id":24807,"date":"2026-04-29T17:54:05","date_gmt":"2026-04-29T14:54:05","guid":{"rendered":"https:\/\/scurtpe2.ro\/?p=24807"},"modified":"2026-04-29T17:54:05","modified_gmt":"2026-04-29T14:54:05","slug":"desfiintate-pe-criterii-de-eficienta","status":"publish","type":"post","link":"https:\/\/scurtpe2.ro\/?p=24807","title":{"rendered":"DESFIIN\u021aATE PE CRITERII DE EFICIEN\u021a\u0102"},"content":{"rendered":"<p>Procesul de reorganizare a Agen\u021biei Na\u021bionale de Administrare Fiscal\u0103 va \u00eensemna desfiin\u021barea unui num\u0103r important de sedii fiscale fizice &#8211; municipale, or\u0103\u0219ene\u0219ti \u0219i comunale din \u021bar\u0103. Valul reorganiz\u0103rii love\u0219te \u0219i jude\u021bul Buz\u0103u, care ar putea r\u0103m\u00e2ne cu doar dou\u0103 unit\u0103\u021bi fiscale.<\/p>\n<p>M\u0103sura de reorganizare face parte din procesul de eficientizare \u0219i digitalizare a Fiscului, iar angaja\u021bii vor fi reloca\u021bi.<\/p>\n<p>Pentru cet\u0103\u021benii care ac\u021bioneaz\u0103 ca persoane fizice, reorganizarea ANAF, \u00eencep\u00e2nd cu luna aprilie 2026, \u00eenseamn\u0103 \u0219i o mutare aproape complet\u0103 a rela\u021biei cu Fiscul \u00een mediul digital. Cele mai afectate de reorganizarea fiscului vor fi persoanele fizice din categoriile vulnerabile din jude\u021b care ar trebui s\u0103 bat\u0103 drumul la cele dou\u0103 unit\u0103\u021bi care ar mai r\u0103m\u00e2ne deschise. Este o problem\u0103 pe care conducerea Administra\u0163iei Jude\u0163ene a Finan\u0163elor Publice Buz\u0103u a expus-o conducerii de la Bucure\u0219ti.<\/p>\n<p>Potrivit conducerii Administra\u0163iei Jude\u0163ene a Finan\u0163elor Publice Buz\u0103u sunt analizate unit\u0103\u021bile teritoriale din ora\u0219ele Pogoanele \u0219i P\u0103t\u00e2rlagele.<\/p>\n","protected":false},"excerpt":{"rendered":"<p>Procesul de reorganizare a Agen\u021biei Na\u021bionale de Administrare Fiscal\u0103 va \u00eensemna desfiin\u021barea unui num\u0103r important de sedii fiscale fizice &#8211; municipale, or\u0103\u0219ene\u0219ti \u0219i comunale din \u021bar\u0103. Valul reorganiz\u0103rii love\u0219te \u0219i jude\u021bul Buz\u0103u, care ar putea r\u0103m\u00e2ne cu doar dou\u0103 unit\u0103\u021bi fiscale. M\u0103sura de reorganizare face parte din procesul de eficientizare \u0219i digitalizare a Fiscului, iar angaja\u021bii vor fi reloca\u021bi. Pentru cet\u0103\u021benii care ac\u021bioneaz\u0103 ca persoane fizice, reorganizarea ANAF, \u00eencep\u00e2nd cu luna aprilie 2026, \u00eenseamn\u0103 \u0219i o mutare aproape complet\u0103 a rela\u021biei cu Fiscul \u00een mediul digital. Cele mai afectate de&hellip;<\/p>\n","protected":false},"author":4,"featured_media":24808,"comment_status":"closed","ping_status":"closed","sticky":false,"template":"","format":"standard","meta":{"footnotes":""},"categories":[173],"tags":[8585,4859,1539],"class_list":["post-24807","post","type-post","status-publish","format-standard","has-post-thumbnail","hentry","category-administrativ","tag-anaf","tag-digitalizare","tag-reforma"],"gutentor_comment":0,"_links":{"self":[{"href":"https:\/\/scurtpe2.ro\/index.php?rest_route=\/wp\/v2\/posts\/24807","targetHints":{"allow":["GET"]}}],"collection":[{"href":"https:\/\/scurtpe2.ro\/index.php?rest_route=\/wp\/v2\/posts"}],"about":[{"href":"https:\/\/scurtpe2.ro\/index.php?rest_route=\/wp\/v2\/types\/post"}],"author":[{"embeddable":true,"href":"https:\/\/scurtpe2.ro\/index.php?rest_route=\/wp\/v2\/users\/4"}],"replies":[{"embeddable":true,"href":"https:\/\/scurtpe2.ro\/index.php?rest_route=%2Fwp%2Fv2%2Fcomments&post=24807"}],"version-history":[{"count":1,"href":"https:\/\/scurtpe2.ro\/index.php?rest_route=\/wp\/v2\/posts\/24807\/revisions"}],"predecessor-version":[{"id":24809,"href":"https:\/\/scurtpe2.ro\/index.php?rest_route=\/wp\/v2\/posts\/24807\/revisions\/24809"}],"wp:featuredmedia":[{"embeddable":true,"href":"https:\/\/scurtpe2.ro\/index.php?rest_route=\/wp\/v2\/media\/24808"}],"wp:attachment":[{"href":"https:\/\/scurtpe2.ro\/index.php?rest_route=%2Fwp%2Fv2%2Fmedia&parent=24807"}],"wp:term":[{"taxonomy":"category","embeddable":true,"href":"https:\/\/scurtpe2.ro\/index.php?rest_route=%2Fwp%2Fv2%2Fcategories&post=24807"},{"taxonomy":"post_tag","embeddable":true,"href":"https:\/\/scurtpe2.ro\/index.php?rest_route=%2Fwp%2Fv2%2Ftags&post=24807"}],"curies":[{"name":"wp","href":"https:\/\/api.w.org\/{rel}","templated":true}]}}