{"id":24800,"date":"2026-04-28T19:33:07","date_gmt":"2026-04-28T16:33:07","guid":{"rendered":"https:\/\/scurtpe2.ro\/?p=24800"},"modified":"2026-04-28T19:33:07","modified_gmt":"2026-04-28T16:33:07","slug":"revine-la-catedra","status":"publish","type":"post","link":"https:\/\/scurtpe2.ro\/?p=24800","title":{"rendered":"REVINE LA CATEDR\u0102"},"content":{"rendered":"<p>Se anun\u021b\u0103 schimb\u0103ri la nivelul conducerii Prefecturii Buz\u0103u, dup\u0103 ce PSD a decis s\u0103 \u00eei retrag\u0103 sprijinul premierului Ilie Bolojan. Prefectul Liliana Sb\u00eernea, numit\u0103 de PSD \u00een func\u021bia de conducere, precum \u0219i subprefectul Constantin Cristea, sus\u021binut tot de PSD, vor fi nevoi\u021bi s\u0103-\u0219i dea demisia. Liliana Sb\u00eernea a declarat c\u0103 \u00ee\u0219i va depune demisia exact \u00een ziua \u00een care va fi depus\u0103 mo\u021biunea comun\u0103 PSD-AUR, \u00eempotriva Guvernului.<\/p>\n<p>Sb\u00eernea las\u0103 \u00eens\u0103 de \u00een\u021beles c\u0103 \u00een situa\u021bia unor noi negocieri, nu ar refuza s\u0103 fie din nou prefect, dac\u0103 i s-ar propune.<\/p>\n<p>Dup\u0103 demisia de la \u0219efia Prefecturii Buz\u0103u, Liliana Sb\u00eernea se va \u00eentoarce la catedr\u0103, la un liceu din municipiul R\u00e2mnicu S\u0103rat.<\/p>\n<p>De\u0219i prive\u0219te demisia cu o oarecare deta\u0219are \u0219i resemnare, Liliana Sb\u00eernea pleac\u0103 din institu\u021bie cu un regret.<\/p>\n<p>Liliana Sb\u00eernea a fost prefect al jude\u021bului Buz\u0103u timp de un an \u0219i 2 luni, ea fiind \u00eenvestit\u0103 \u00een aceast\u0103 func\u021bie \u00een luna februarie 2025. La r\u00e2ndul s\u0103u, Constantin Cristea a fost numit \u00een func\u021bia de subprefect pe 12 martie 2026. PSD Buz\u0103u are \u0219i doi secretari de stat care ar urma s\u0103 demisioneze, respectiv Claudiu Damian, la Ministerul S\u0103n\u0103t\u0103\u021bii \u0219i Alexandru Stoica, la Dezvoltare.<\/p>\n","protected":false},"excerpt":{"rendered":"<p>Se anun\u021b\u0103 schimb\u0103ri la nivelul conducerii Prefecturii Buz\u0103u, dup\u0103 ce PSD a decis s\u0103 \u00eei retrag\u0103 sprijinul premierului Ilie Bolojan. Prefectul Liliana Sb\u00eernea, numit\u0103 de PSD \u00een func\u021bia de conducere, precum \u0219i subprefectul Constantin Cristea, sus\u021binut tot de PSD, vor fi nevoi\u021bi s\u0103-\u0219i dea demisia. Liliana Sb\u00eernea a declarat c\u0103 \u00ee\u0219i va depune demisia exact \u00een ziua \u00een care va fi depus\u0103 mo\u021biunea comun\u0103 PSD-AUR, \u00eempotriva Guvernului. Sb\u00eernea las\u0103 \u00eens\u0103 de \u00een\u021beles c\u0103 \u00een situa\u021bia unor noi negocieri, nu ar refuza s\u0103 fie din nou prefect, dac\u0103 i s-ar propune.&hellip;<\/p>\n","protected":false},"author":4,"featured_media":15987,"comment_status":"closed","ping_status":"closed","sticky":false,"template":"","format":"standard","meta":{"footnotes":""},"categories":[168,165],"tags":[3513,8584,1083,1243],"class_list":["post-24800","post","type-post","status-publish","format-standard","has-post-thumbnail","hentry","category-informatia-de-buzau","category-informatia-de-ramnic","tag-liliana-sbirnea","tag-motiune-de-cenzura","tag-prefectura-buzau","tag-psd-buzau"],"gutentor_comment":0,"_links":{"self":[{"href":"https:\/\/scurtpe2.ro\/index.php?rest_route=\/wp\/v2\/posts\/24800","targetHints":{"allow":["GET"]}}],"collection":[{"href":"https:\/\/scurtpe2.ro\/index.php?rest_route=\/wp\/v2\/posts"}],"about":[{"href":"https:\/\/scurtpe2.ro\/index.php?rest_route=\/wp\/v2\/types\/post"}],"author":[{"embeddable":true,"href":"https:\/\/scurtpe2.ro\/index.php?rest_route=\/wp\/v2\/users\/4"}],"replies":[{"embeddable":true,"href":"https:\/\/scurtpe2.ro\/index.php?rest_route=%2Fwp%2Fv2%2Fcomments&post=24800"}],"version-history":[{"count":1,"href":"https:\/\/scurtpe2.ro\/index.php?rest_route=\/wp\/v2\/posts\/24800\/revisions"}],"predecessor-version":[{"id":24801,"href":"https:\/\/scurtpe2.ro\/index.php?rest_route=\/wp\/v2\/posts\/24800\/revisions\/24801"}],"wp:featuredmedia":[{"embeddable":true,"href":"https:\/\/scurtpe2.ro\/index.php?rest_route=\/wp\/v2\/media\/15987"}],"wp:attachment":[{"href":"https:\/\/scurtpe2.ro\/index.php?rest_route=%2Fwp%2Fv2%2Fmedia&parent=24800"}],"wp:term":[{"taxonomy":"category","embeddable":true,"href":"https:\/\/scurtpe2.ro\/index.php?rest_route=%2Fwp%2Fv2%2Fcategories&post=24800"},{"taxonomy":"post_tag","embeddable":true,"href":"https:\/\/scurtpe2.ro\/index.php?rest_route=%2Fwp%2Fv2%2Ftags&post=24800"}],"curies":[{"name":"wp","href":"https:\/\/api.w.org\/{rel}","templated":true}]}}