{"id":24790,"date":"2026-04-24T17:53:47","date_gmt":"2026-04-24T14:53:47","guid":{"rendered":"https:\/\/scurtpe2.ro\/?p=24790"},"modified":"2026-04-27T17:56:47","modified_gmt":"2026-04-27T14:56:47","slug":"colaborare-pentru-promovarea-culturii","status":"publish","type":"post","link":"https:\/\/scurtpe2.ro\/?p=24790","title":{"rendered":"COLABORARE PENTRU PROMOVAREA CULTURII"},"content":{"rendered":"<p>Istoria, cultura \u0219i tradi\u021biile fac cas\u0103 bun\u0103 la Biblioteca Municipal\u0103 ,,Corneliu Coposu,, din R\u00e2mnicu S\u0103rat. O demonstreaz\u0103 \u0219i colaborarea activ\u0103 pe care biblioteca o are, de ani buni, cu istoricul Cristi Rusin. R\u00e2mniceanul sus\u021bine frecvent conferin\u021be \u0219i seminarii pe diverse teme istorice \u0219i culturale, dar \u0219i cu prilejul unor evenimente locale, na\u021bionale \u0219i interna\u021bionale. Prima colaborare a istoricului cu biblioteca a avut loc \u00een urm\u0103 cu aproape un deceniu.<\/p>\n<p>Istoricul r\u00e2mnicean inten\u021bioneaz\u0103 s\u0103 duc\u0103 mai departe proiectul prin care promoveaz\u0103 cultura \u0219i dialogul public.<\/p>\n<p>Cristi Rusin a absolvit Facultatea de Istorie din cadrul Universit\u0103\u021bii din Bucure\u0219ti \u0219i \u00een prezent, este doctorand la \u0218coala Doctoral\u0103 de Istorie a aceleia\u0219i facult\u0103\u021bi. Istoricul a publicat mai multe c\u0103r\u021bi \u0219i articole, \u0219i este interesat, \u00een special, de tradi\u021bie, spiritualitate \u0219i istoria oriental\u0103.<\/p>\n<p>Foto: Facebook\/Cristi Rusin<\/p>\n","protected":false},"excerpt":{"rendered":"<p>Istoria, cultura \u0219i tradi\u021biile fac cas\u0103 bun\u0103 la Biblioteca Municipal\u0103 ,,Corneliu Coposu,, din R\u00e2mnicu S\u0103rat. O demonstreaz\u0103 \u0219i colaborarea activ\u0103 pe care biblioteca o are, de ani buni, cu istoricul Cristi Rusin. R\u00e2mniceanul sus\u021bine frecvent conferin\u021be \u0219i seminarii pe diverse teme istorice \u0219i culturale, dar \u0219i cu prilejul unor evenimente locale, na\u021bionale \u0219i interna\u021bionale. Prima colaborare a istoricului cu biblioteca a avut loc \u00een urm\u0103 cu aproape un deceniu. Istoricul r\u00e2mnicean inten\u021bioneaz\u0103 s\u0103 duc\u0103 mai departe proiectul prin care promoveaz\u0103 cultura \u0219i dialogul public. Cristi Rusin a absolvit Facultatea de&hellip;<\/p>\n","protected":false},"author":4,"featured_media":24791,"comment_status":"closed","ping_status":"closed","sticky":false,"template":"","format":"standard","meta":{"footnotes":""},"categories":[165],"tags":[6142,4696,1457,2408],"class_list":["post-24790","post","type-post","status-publish","format-standard","has-post-thumbnail","hentry","category-informatia-de-ramnic","tag-biblioteca-corneliu-coposu","tag-cristi-rusin","tag-cultura","tag-istorie"],"gutentor_comment":0,"_links":{"self":[{"href":"https:\/\/scurtpe2.ro\/index.php?rest_route=\/wp\/v2\/posts\/24790","targetHints":{"allow":["GET"]}}],"collection":[{"href":"https:\/\/scurtpe2.ro\/index.php?rest_route=\/wp\/v2\/posts"}],"about":[{"href":"https:\/\/scurtpe2.ro\/index.php?rest_route=\/wp\/v2\/types\/post"}],"author":[{"embeddable":true,"href":"https:\/\/scurtpe2.ro\/index.php?rest_route=\/wp\/v2\/users\/4"}],"replies":[{"embeddable":true,"href":"https:\/\/scurtpe2.ro\/index.php?rest_route=%2Fwp%2Fv2%2Fcomments&post=24790"}],"version-history":[{"count":1,"href":"https:\/\/scurtpe2.ro\/index.php?rest_route=\/wp\/v2\/posts\/24790\/revisions"}],"predecessor-version":[{"id":24792,"href":"https:\/\/scurtpe2.ro\/index.php?rest_route=\/wp\/v2\/posts\/24790\/revisions\/24792"}],"wp:featuredmedia":[{"embeddable":true,"href":"https:\/\/scurtpe2.ro\/index.php?rest_route=\/wp\/v2\/media\/24791"}],"wp:attachment":[{"href":"https:\/\/scurtpe2.ro\/index.php?rest_route=%2Fwp%2Fv2%2Fmedia&parent=24790"}],"wp:term":[{"taxonomy":"category","embeddable":true,"href":"https:\/\/scurtpe2.ro\/index.php?rest_route=%2Fwp%2Fv2%2Fcategories&post=24790"},{"taxonomy":"post_tag","embeddable":true,"href":"https:\/\/scurtpe2.ro\/index.php?rest_route=%2Fwp%2Fv2%2Ftags&post=24790"}],"curies":[{"name":"wp","href":"https:\/\/api.w.org\/{rel}","templated":true}]}}