{"id":24788,"date":"2026-04-24T17:50:52","date_gmt":"2026-04-24T14:50:52","guid":{"rendered":"https:\/\/scurtpe2.ro\/?p=24788"},"modified":"2026-04-27T17:52:21","modified_gmt":"2026-04-27T14:52:21","slug":"s-a-aprobat-numarul-maxim-de-posturi","status":"publish","type":"post","link":"https:\/\/scurtpe2.ro\/?p=24788","title":{"rendered":"S-A APROBAT NUM\u0102RUL MAXIM DE POSTURI"},"content":{"rendered":"<p>Consiliul Local R\u00e2mnicu S\u0103rat a aprobat, recent, noul num\u0103r maxim de posturi stabilit de c\u0103tre Prefectura Buz\u0103u pentru municipiul R\u00e2mnicu S\u0103rat. De asemenea, consilierii locali au aprobat \u0219i aplicarea noului num\u0103r maxim de posturi la nivelul municipiului.<\/p>\n<p>Autorit\u0103\u021bile din R\u00e2mnicu S\u0103rat s-au raportat la num\u0103rul maxim de posturi transmise de Prefectura Buz\u0103u, \u0219i anume, 231 de posturi, 47 func\u021bii vacante fiind reduse.<\/p>\n<p>Reorganizarea aparatului de specialitate al primarului, aparatului de specialitate al consiliului jude\u0163ean, precum \u015fi a institu\u0163iilor publice locale \u00eenfiin\u0163ate prin hot\u0103r\u00e2ri ale autorit\u0103\u0163ilor deliberative trebuie realizate p\u00e2n\u0103 cel t\u00e2rziu la data de 1 iulie 2026.<\/p>\n","protected":false},"excerpt":{"rendered":"<p>Consiliul Local R\u00e2mnicu S\u0103rat a aprobat, recent, noul num\u0103r maxim de posturi stabilit de c\u0103tre Prefectura Buz\u0103u pentru municipiul R\u00e2mnicu S\u0103rat. De asemenea, consilierii locali au aprobat \u0219i aplicarea noului num\u0103r maxim de posturi la nivelul municipiului. Autorit\u0103\u021bile din R\u00e2mnicu S\u0103rat s-au raportat la num\u0103rul maxim de posturi transmise de Prefectura Buz\u0103u, \u0219i anume, 231 de posturi, 47 func\u021bii vacante fiind reduse. Reorganizarea aparatului de specialitate al primarului, aparatului de specialitate al consiliului jude\u0163ean, precum \u015fi a institu\u0163iilor publice locale \u00eenfiin\u0163ate prin hot\u0103r\u00e2ri ale autorit\u0103\u0163ilor deliberative trebuie realizate p\u00e2n\u0103 cel&hellip;<\/p>\n","protected":false},"author":4,"featured_media":23561,"comment_status":"closed","ping_status":"closed","sticky":false,"template":"","format":"standard","meta":{"footnotes":""},"categories":[173,165],"tags":[1275,254,263],"class_list":["post-24788","post","type-post","status-publish","format-standard","has-post-thumbnail","hentry","category-administrativ","category-informatia-de-ramnic","tag-consiliu-local","tag-prefectura","tag-primarie"],"gutentor_comment":0,"_links":{"self":[{"href":"https:\/\/scurtpe2.ro\/index.php?rest_route=\/wp\/v2\/posts\/24788","targetHints":{"allow":["GET"]}}],"collection":[{"href":"https:\/\/scurtpe2.ro\/index.php?rest_route=\/wp\/v2\/posts"}],"about":[{"href":"https:\/\/scurtpe2.ro\/index.php?rest_route=\/wp\/v2\/types\/post"}],"author":[{"embeddable":true,"href":"https:\/\/scurtpe2.ro\/index.php?rest_route=\/wp\/v2\/users\/4"}],"replies":[{"embeddable":true,"href":"https:\/\/scurtpe2.ro\/index.php?rest_route=%2Fwp%2Fv2%2Fcomments&post=24788"}],"version-history":[{"count":1,"href":"https:\/\/scurtpe2.ro\/index.php?rest_route=\/wp\/v2\/posts\/24788\/revisions"}],"predecessor-version":[{"id":24789,"href":"https:\/\/scurtpe2.ro\/index.php?rest_route=\/wp\/v2\/posts\/24788\/revisions\/24789"}],"wp:featuredmedia":[{"embeddable":true,"href":"https:\/\/scurtpe2.ro\/index.php?rest_route=\/wp\/v2\/media\/23561"}],"wp:attachment":[{"href":"https:\/\/scurtpe2.ro\/index.php?rest_route=%2Fwp%2Fv2%2Fmedia&parent=24788"}],"wp:term":[{"taxonomy":"category","embeddable":true,"href":"https:\/\/scurtpe2.ro\/index.php?rest_route=%2Fwp%2Fv2%2Fcategories&post=24788"},{"taxonomy":"post_tag","embeddable":true,"href":"https:\/\/scurtpe2.ro\/index.php?rest_route=%2Fwp%2Fv2%2Ftags&post=24788"}],"curies":[{"name":"wp","href":"https:\/\/api.w.org\/{rel}","templated":true}]}}