{"id":24784,"date":"2026-04-27T17:48:06","date_gmt":"2026-04-27T14:48:06","guid":{"rendered":"https:\/\/scurtpe2.ro\/?p=24784"},"modified":"2026-04-27T17:48:06","modified_gmt":"2026-04-27T14:48:06","slug":"probleme-in-trafic-2","status":"publish","type":"post","link":"https:\/\/scurtpe2.ro\/?p=24784","title":{"rendered":"PROBLEME \u00ceN TRAFIC"},"content":{"rendered":"<p>Oprirea neregulamentar\u0103, sta\u021bionarea interzis\u0103 \u0219i indisciplina pietonilor sunt cele mai frecvente abateri sanc\u021bionate de c\u0103tre poli\u021bi\u0219tii locali din muncipiul R\u00e2mnicu S\u0103rat.<\/p>\n<p>O alt\u0103 problem\u0103 constatat\u0103 \u00een traficul din municipiul R\u00e2mnicu S\u0103rat vizeaz\u0103 minorii care folosesc mopede sau trotinete, dar care nu cunosc regulile de circula\u021bie \u0219i astfel se pun \u00een pericol at\u00e2t pe ei, c\u00e2t \u0219i pe ceilal\u021bi participa\u021bi la trafic.<\/p>\n<p>Poli\u021bi\u0219tii locali au sanc\u021bionat \u0219i indisciplina pietonilor care ignor\u0103 semnele de circula\u021bie \u0219i traverseaz\u0103 strada prin loc nepermis.<\/p>\n","protected":false},"excerpt":{"rendered":"<p>Oprirea neregulamentar\u0103, sta\u021bionarea interzis\u0103 \u0219i indisciplina pietonilor sunt cele mai frecvente abateri sanc\u021bionate de c\u0103tre poli\u021bi\u0219tii locali din muncipiul R\u00e2mnicu S\u0103rat. O alt\u0103 problem\u0103 constatat\u0103 \u00een traficul din municipiul R\u00e2mnicu S\u0103rat vizeaz\u0103 minorii care folosesc mopede sau trotinete, dar care nu cunosc regulile de circula\u021bie \u0219i astfel se pun \u00een pericol at\u00e2t pe ei, c\u00e2t \u0219i pe ceilal\u021bi participa\u021bi la trafic. Poli\u021bi\u0219tii locali au sanc\u021bionat \u0219i indisciplina pietonilor care ignor\u0103 semnele de circula\u021bie \u0219i traverseaz\u0103 strada prin loc nepermis.<\/p>\n","protected":false},"author":4,"featured_media":14664,"comment_status":"closed","ping_status":"closed","sticky":false,"template":"","format":"standard","meta":{"footnotes":""},"categories":[173,165],"tags":[8580,197,720,5776],"class_list":["post-24784","post","type-post","status-publish","format-standard","has-post-thumbnail","hentry","category-administrativ","category-informatia-de-ramnic","tag-mopede","tag-pericol","tag-politia-locala","tag-trotineta-electrica"],"gutentor_comment":0,"_links":{"self":[{"href":"https:\/\/scurtpe2.ro\/index.php?rest_route=\/wp\/v2\/posts\/24784","targetHints":{"allow":["GET"]}}],"collection":[{"href":"https:\/\/scurtpe2.ro\/index.php?rest_route=\/wp\/v2\/posts"}],"about":[{"href":"https:\/\/scurtpe2.ro\/index.php?rest_route=\/wp\/v2\/types\/post"}],"author":[{"embeddable":true,"href":"https:\/\/scurtpe2.ro\/index.php?rest_route=\/wp\/v2\/users\/4"}],"replies":[{"embeddable":true,"href":"https:\/\/scurtpe2.ro\/index.php?rest_route=%2Fwp%2Fv2%2Fcomments&post=24784"}],"version-history":[{"count":1,"href":"https:\/\/scurtpe2.ro\/index.php?rest_route=\/wp\/v2\/posts\/24784\/revisions"}],"predecessor-version":[{"id":24785,"href":"https:\/\/scurtpe2.ro\/index.php?rest_route=\/wp\/v2\/posts\/24784\/revisions\/24785"}],"wp:featuredmedia":[{"embeddable":true,"href":"https:\/\/scurtpe2.ro\/index.php?rest_route=\/wp\/v2\/media\/14664"}],"wp:attachment":[{"href":"https:\/\/scurtpe2.ro\/index.php?rest_route=%2Fwp%2Fv2%2Fmedia&parent=24784"}],"wp:term":[{"taxonomy":"category","embeddable":true,"href":"https:\/\/scurtpe2.ro\/index.php?rest_route=%2Fwp%2Fv2%2Fcategories&post=24784"},{"taxonomy":"post_tag","embeddable":true,"href":"https:\/\/scurtpe2.ro\/index.php?rest_route=%2Fwp%2Fv2%2Ftags&post=24784"}],"curies":[{"name":"wp","href":"https:\/\/api.w.org\/{rel}","templated":true}]}}