{"id":24504,"date":"2026-03-17T18:33:58","date_gmt":"2026-03-17T15:33:58","guid":{"rendered":"https:\/\/scurtpe2.ro\/?p=24504"},"modified":"2026-03-17T18:33:58","modified_gmt":"2026-03-17T15:33:58","slug":"tragedie-pe-drumul-mortii-2","status":"publish","type":"post","link":"https:\/\/scurtpe2.ro\/?p=24504","title":{"rendered":"TRAGEDIE PE ,,DRUMUL MOR\u021aII\u201d"},"content":{"rendered":"<p>Drumul European 85, cunoscut drept ,,drumul mor\u021bii\u201d, a mai luat dou\u0103 vie\u021bi, \u00een urma unui accident terifiant, petrecut la ie\u0219irea din localitatea Limpezi\u0219. De\u0219i \u00een zon\u0103 nu era cea\u021b\u0103, iar carosabilul nu era umed, o clip\u0103 de neaten\u021bie a unuia dintre \u0219oferi a dus la teribila tragedie. Un buzoian de 28 de ani, care circula dinspre Buz\u0103u c\u0103tre Ialomi\u021ba, ar fi p\u0103truns pe contrasens, moment \u00een care ma\u0219ina acestuia a lovit frontal o autoutilitar\u0103 condus\u0103 din sens opus de c\u0103tre un b\u0103rbat de 64 de ani, din Po\u0219ta C\u00e2ln\u0103u.<\/p>\n<p>Potrivit unor surse, cel mai probabil, t\u00e2n\u0103rul ar fi fost cu ochii \u00een telefonul mobil, context \u00een care ar fi ajuns pe contrasens, unde s-a lovit violent de dub\u0103. Impactul a fost stat de puternic \u00eenc\u00e2t autoturismul a luat foc, iar \u0219oferul a r\u0103mas captiv \u00een ma\u0219in\u0103.<\/p>\n<p>\u0218i \u0219oferul autoutilitarei a r\u0103mas captiv \u00eentre fiarele ma\u0219inii, iar incendiul a cuprins ambele ma\u0219ini implicate \u00een tragedie. Din p\u0103cate, nici unul dintre cei doi \u0219oferi nu a mai putut fi salvat. Poli\u021bi\u0219tii au \u00eentocmit dosar penal \u0219i continu\u0103 cercet\u0103rile pentru stabilirea tuturor \u00eemprejur\u0103rilor \u00een care s-a produs accidentul.<\/p>\n","protected":false},"excerpt":{"rendered":"<p>Drumul European 85, cunoscut drept ,,drumul mor\u021bii\u201d, a mai luat dou\u0103 vie\u021bi, \u00een urma unui accident terifiant, petrecut la ie\u0219irea din localitatea Limpezi\u0219. De\u0219i \u00een zon\u0103 nu era cea\u021b\u0103, iar carosabilul nu era umed, o clip\u0103 de neaten\u021bie a unuia dintre \u0219oferi a dus la teribila tragedie. Un buzoian de 28 de ani, care circula dinspre Buz\u0103u c\u0103tre Ialomi\u021ba, ar fi p\u0103truns pe contrasens, moment \u00een care ma\u0219ina acestuia a lovit frontal o autoutilitar\u0103 condus\u0103 din sens opus de c\u0103tre un b\u0103rbat de 64 de ani, din Po\u0219ta C\u00e2ln\u0103u. Potrivit&hellip;<\/p>\n","protected":false},"author":4,"featured_media":24505,"comment_status":"closed","ping_status":"closed","sticky":false,"template":"","format":"standard","meta":{"footnotes":""},"categories":[168],"tags":[5941,8533,2872,5187,3174],"class_list":["post-24504","post","type-post","status-publish","format-standard","has-post-thumbnail","hentry","category-informatia-de-buzau","tag-accident-mortal","tag-autoutilitara","tag-deces","tag-drum-european","tag-sofer"],"gutentor_comment":0,"_links":{"self":[{"href":"https:\/\/scurtpe2.ro\/index.php?rest_route=\/wp\/v2\/posts\/24504","targetHints":{"allow":["GET"]}}],"collection":[{"href":"https:\/\/scurtpe2.ro\/index.php?rest_route=\/wp\/v2\/posts"}],"about":[{"href":"https:\/\/scurtpe2.ro\/index.php?rest_route=\/wp\/v2\/types\/post"}],"author":[{"embeddable":true,"href":"https:\/\/scurtpe2.ro\/index.php?rest_route=\/wp\/v2\/users\/4"}],"replies":[{"embeddable":true,"href":"https:\/\/scurtpe2.ro\/index.php?rest_route=%2Fwp%2Fv2%2Fcomments&post=24504"}],"version-history":[{"count":1,"href":"https:\/\/scurtpe2.ro\/index.php?rest_route=\/wp\/v2\/posts\/24504\/revisions"}],"predecessor-version":[{"id":24506,"href":"https:\/\/scurtpe2.ro\/index.php?rest_route=\/wp\/v2\/posts\/24504\/revisions\/24506"}],"wp:featuredmedia":[{"embeddable":true,"href":"https:\/\/scurtpe2.ro\/index.php?rest_route=\/wp\/v2\/media\/24505"}],"wp:attachment":[{"href":"https:\/\/scurtpe2.ro\/index.php?rest_route=%2Fwp%2Fv2%2Fmedia&parent=24504"}],"wp:term":[{"taxonomy":"category","embeddable":true,"href":"https:\/\/scurtpe2.ro\/index.php?rest_route=%2Fwp%2Fv2%2Fcategories&post=24504"},{"taxonomy":"post_tag","embeddable":true,"href":"https:\/\/scurtpe2.ro\/index.php?rest_route=%2Fwp%2Fv2%2Ftags&post=24504"}],"curies":[{"name":"wp","href":"https:\/\/api.w.org\/{rel}","templated":true}]}}