{"id":24497,"date":"2026-03-16T18:25:27","date_gmt":"2026-03-16T15:25:27","guid":{"rendered":"https:\/\/scurtpe2.ro\/?p=24497"},"modified":"2026-03-16T18:25:27","modified_gmt":"2026-03-16T15:25:27","slug":"bugetul-o-problema-majora","status":"publish","type":"post","link":"https:\/\/scurtpe2.ro\/?p=24497","title":{"rendered":"BUGETUL, O PROBLEM\u0102 MAJOR\u0102"},"content":{"rendered":"<p>\u00cen lipsa unui buget na\u021bional aprobat, administra\u021biile locale nu pot dec\u00e2t s\u0103 spere c\u0103 vor primi totu\u0219i bani de la Guvern. Este \u0219i cazul Prim\u0103riei Buz\u0103u, care se afl\u0103 \u00eentr-o situa\u021bie delicat\u0103 la \u00eenceput de an. Autorit\u0103\u021bile spun c\u0103 nu se prea pot baza pe \u00eencas\u0103rile la bugetul local din taxele \u0219i impozitele achitate de c\u0103tre buzoieni, pentru c\u0103 o parte din aceast\u0103 sum\u0103 va ajunge la stat. Reprezentan\u021bii Prim\u0103riei nu \u0219tiu nici ce procent va mai r\u0103m\u00e2ne \u00een vistieria administra\u021biei locale dup\u0103 \u00eemp\u0103r\u021birea banilor. Primarul Constantin Toma spune c\u0103 aceste incertitudini ar putea afecta planul de investi\u021bii pentru anul \u00een curs.<\/p>\n<p>Mai mult, realizarea acestor consor\u021bii administrative dau serioase b\u0103t\u0103i de cap Prim\u0103riei Buz\u0103u.<\/p>\n<p>Reprezentan\u021bii Prim\u0103riei Buz\u0103u prev\u0103d c\u0103 2026 va fi un an dificil din punct de vedere financiar. \u00cen acest context, va fi necesar\u0103 depistarea unor alte surse de bani pentru realizarea unora dintre proiectele c\u0103rora le-a fost retras\u0103 finan\u021barea ini\u021bial\u0103.<\/p>\n","protected":false},"excerpt":{"rendered":"<p>\u00cen lipsa unui buget na\u021bional aprobat, administra\u021biile locale nu pot dec\u00e2t s\u0103 spere c\u0103 vor primi totu\u0219i bani de la Guvern. Este \u0219i cazul Prim\u0103riei Buz\u0103u, care se afl\u0103 \u00eentr-o situa\u021bie delicat\u0103 la \u00eenceput de an. Autorit\u0103\u021bile spun c\u0103 nu se prea pot baza pe \u00eencas\u0103rile la bugetul local din taxele \u0219i impozitele achitate de c\u0103tre buzoieni, pentru c\u0103 o parte din aceast\u0103 sum\u0103 va ajunge la stat. Reprezentan\u021bii Prim\u0103riei nu \u0219tiu nici ce procent va mai r\u0103m\u00e2ne \u00een vistieria administra\u021biei locale dup\u0103 \u00eemp\u0103r\u021birea banilor. Primarul Constantin Toma spune c\u0103&hellip;<\/p>\n","protected":false},"author":4,"featured_media":24498,"comment_status":"closed","ping_status":"closed","sticky":false,"template":"","format":"standard","meta":{"footnotes":""},"categories":[168],"tags":[2318,519,6123,1369],"class_list":["post-24497","post","type-post","status-publish","format-standard","has-post-thumbnail","hentry","category-informatia-de-buzau","tag-administratie","tag-bani","tag-buget-local","tag-proiect"],"gutentor_comment":0,"_links":{"self":[{"href":"https:\/\/scurtpe2.ro\/index.php?rest_route=\/wp\/v2\/posts\/24497","targetHints":{"allow":["GET"]}}],"collection":[{"href":"https:\/\/scurtpe2.ro\/index.php?rest_route=\/wp\/v2\/posts"}],"about":[{"href":"https:\/\/scurtpe2.ro\/index.php?rest_route=\/wp\/v2\/types\/post"}],"author":[{"embeddable":true,"href":"https:\/\/scurtpe2.ro\/index.php?rest_route=\/wp\/v2\/users\/4"}],"replies":[{"embeddable":true,"href":"https:\/\/scurtpe2.ro\/index.php?rest_route=%2Fwp%2Fv2%2Fcomments&post=24497"}],"version-history":[{"count":1,"href":"https:\/\/scurtpe2.ro\/index.php?rest_route=\/wp\/v2\/posts\/24497\/revisions"}],"predecessor-version":[{"id":24499,"href":"https:\/\/scurtpe2.ro\/index.php?rest_route=\/wp\/v2\/posts\/24497\/revisions\/24499"}],"wp:featuredmedia":[{"embeddable":true,"href":"https:\/\/scurtpe2.ro\/index.php?rest_route=\/wp\/v2\/media\/24498"}],"wp:attachment":[{"href":"https:\/\/scurtpe2.ro\/index.php?rest_route=%2Fwp%2Fv2%2Fmedia&parent=24497"}],"wp:term":[{"taxonomy":"category","embeddable":true,"href":"https:\/\/scurtpe2.ro\/index.php?rest_route=%2Fwp%2Fv2%2Fcategories&post=24497"},{"taxonomy":"post_tag","embeddable":true,"href":"https:\/\/scurtpe2.ro\/index.php?rest_route=%2Fwp%2Fv2%2Ftags&post=24497"}],"curies":[{"name":"wp","href":"https:\/\/api.w.org\/{rel}","templated":true}]}}