{"id":24494,"date":"2026-03-16T18:21:39","date_gmt":"2026-03-16T15:21:39","guid":{"rendered":"https:\/\/scurtpe2.ro\/?p=24494"},"modified":"2026-03-16T18:21:39","modified_gmt":"2026-03-16T15:21:39","slug":"reuniune-pentru-promovare","status":"publish","type":"post","link":"https:\/\/scurtpe2.ro\/?p=24494","title":{"rendered":"REUNIUNE PENTRU PROMOVARE"},"content":{"rendered":"<p>Centrul Europe Direct R\u00e2mnicu S\u0103rat a fost prezent la reuniunea celor peste 400 de centre din toat\u0103 Uniunea European\u0103, eveniment organizat de Comisia European\u0103. Misiunea acestei particip\u0103ri a vizat realizarea de noi conexiuni, construirea de parteneriate \u0219i promovarea municipiului R\u00e2mnicu S\u0103rat \u00een Europa. De asemenea, prin astfel de \u00eent\u00e2lniri, sunt aduse \u00een comunitatea local\u0103, idei, proiecte \u0219i bune practici. Municipiul R\u00e2mnicu S\u0103rat este, \u0219i \u00een perioada 2026-2030, singura structur\u0103 gazd\u0103 coordonat\u0103 de o prim\u0103rie din Rom\u00e2nia.<\/p>\n<p>Reprezentan\u021bii Centrului Europe Direct consider\u0103 c\u0103 prezen\u021ba municipiului R\u00e2mnicu S\u0103rat \u00een aceast\u0103 re\u021bea european\u0103 onoreaz\u0103, dar reflect\u0103 \u0219i implicarea constant\u0103 a comunit\u0103\u021bii. Totodat\u0103, contribuie la promovarea imaginii \u0219i a aspira\u021biilor municipiului R\u00e2mnicu S\u0103rat la nivel na\u021bional \u0219i european.<\/p>\n","protected":false},"excerpt":{"rendered":"<p>Centrul Europe Direct R\u00e2mnicu S\u0103rat a fost prezent la reuniunea celor peste 400 de centre din toat\u0103 Uniunea European\u0103, eveniment organizat de Comisia European\u0103. Misiunea acestei particip\u0103ri a vizat realizarea de noi conexiuni, construirea de parteneriate \u0219i promovarea municipiului R\u00e2mnicu S\u0103rat \u00een Europa. De asemenea, prin astfel de \u00eent\u00e2lniri, sunt aduse \u00een comunitatea local\u0103, idei, proiecte \u0219i bune practici. Municipiul R\u00e2mnicu S\u0103rat este, \u0219i \u00een perioada 2026-2030, singura structur\u0103 gazd\u0103 coordonat\u0103 de o prim\u0103rie din Rom\u00e2nia. Reprezentan\u021bii Centrului Europe Direct consider\u0103 c\u0103 prezen\u021ba municipiului R\u00e2mnicu S\u0103rat \u00een aceast\u0103 re\u021bea european\u0103&hellip;<\/p>\n","protected":false},"author":4,"featured_media":24495,"comment_status":"closed","ping_status":"closed","sticky":false,"template":"","format":"standard","meta":{"footnotes":""},"categories":[165],"tags":[4819,5733,771,8531],"class_list":["post-24494","post","type-post","status-publish","format-standard","has-post-thumbnail","hentry","category-informatia-de-ramnic","tag-europe-direct","tag-parteneriat","tag-primaria-rm-sarat","tag-retea-europeana"],"gutentor_comment":0,"_links":{"self":[{"href":"https:\/\/scurtpe2.ro\/index.php?rest_route=\/wp\/v2\/posts\/24494","targetHints":{"allow":["GET"]}}],"collection":[{"href":"https:\/\/scurtpe2.ro\/index.php?rest_route=\/wp\/v2\/posts"}],"about":[{"href":"https:\/\/scurtpe2.ro\/index.php?rest_route=\/wp\/v2\/types\/post"}],"author":[{"embeddable":true,"href":"https:\/\/scurtpe2.ro\/index.php?rest_route=\/wp\/v2\/users\/4"}],"replies":[{"embeddable":true,"href":"https:\/\/scurtpe2.ro\/index.php?rest_route=%2Fwp%2Fv2%2Fcomments&post=24494"}],"version-history":[{"count":1,"href":"https:\/\/scurtpe2.ro\/index.php?rest_route=\/wp\/v2\/posts\/24494\/revisions"}],"predecessor-version":[{"id":24496,"href":"https:\/\/scurtpe2.ro\/index.php?rest_route=\/wp\/v2\/posts\/24494\/revisions\/24496"}],"wp:featuredmedia":[{"embeddable":true,"href":"https:\/\/scurtpe2.ro\/index.php?rest_route=\/wp\/v2\/media\/24495"}],"wp:attachment":[{"href":"https:\/\/scurtpe2.ro\/index.php?rest_route=%2Fwp%2Fv2%2Fmedia&parent=24494"}],"wp:term":[{"taxonomy":"category","embeddable":true,"href":"https:\/\/scurtpe2.ro\/index.php?rest_route=%2Fwp%2Fv2%2Fcategories&post=24494"},{"taxonomy":"post_tag","embeddable":true,"href":"https:\/\/scurtpe2.ro\/index.php?rest_route=%2Fwp%2Fv2%2Ftags&post=24494"}],"curies":[{"name":"wp","href":"https:\/\/api.w.org\/{rel}","templated":true}]}}