{"id":24491,"date":"2026-03-16T18:19:21","date_gmt":"2026-03-16T15:19:21","guid":{"rendered":"https:\/\/scurtpe2.ro\/?p=24491"},"modified":"2026-03-16T18:19:21","modified_gmt":"2026-03-16T15:19:21","slug":"planuri-pentru-clasa-pregatitoare","status":"publish","type":"post","link":"https:\/\/scurtpe2.ro\/?p=24491","title":{"rendered":"PLANURI PENTRU CLASA PREG\u0102TITOARE"},"content":{"rendered":"<p>Unit\u0103\u021bile de \u00eenv\u0103\u021b\u0103m\u00e2nt \u00eencep, \u00een aceast\u0103 lun\u0103, \u00eenscrierile copiilor la clasa preg\u0103titoare. Pentru viitorul an \u0219colar, \u0218coala Gimnazial\u0103 ,,Vasile Cristoforeanu\u201d din R\u00e2mnicu S\u0103rat \u00ee\u0219i propune s\u0103 \u00eenfiin\u021beze dou\u0103 clase de \u00eenv\u0103\u021b\u0103m\u00e2nt tradi\u021bional \u0219i o clas\u0103 \u00een alternativa \u201dStep by Step\u201d. \u00censcrierea copiilor pentru clasa preg\u0103titoare are loc \u00een perioada 31 martie- 6 mai.<\/p>\n<p>Conducerea \u0218colii Gimnaziale ,,Vasile Cristoforeanu\u201d \u00eei asigur\u0103 pe p\u0103rin\u021bii interesa\u021bi s\u0103-\u0219i \u00eenscrie copiii la aceast\u0103 unitate, de calitatea actului educa\u021bional.<\/p>\n<p>Clasa preg\u0103titoare face parte din ciclu de \u00eenv\u0103\u021b\u0103m\u00e2nt primar \u0219i reprezint\u0103 o perioad\u0103 de tranzi\u021bie de la gr\u0103dini\u021b\u0103 la \u0219coal\u0103, pentru a le permite celor mici s\u0103 se obi\u0219nuiasc\u0103 cu rutina \u0219i programa educa\u021bional\u0103.<\/p>\n","protected":false},"excerpt":{"rendered":"<p>Unit\u0103\u021bile de \u00eenv\u0103\u021b\u0103m\u00e2nt \u00eencep, \u00een aceast\u0103 lun\u0103, \u00eenscrierile copiilor la clasa preg\u0103titoare. Pentru viitorul an \u0219colar, \u0218coala Gimnazial\u0103 ,,Vasile Cristoforeanu\u201d din R\u00e2mnicu S\u0103rat \u00ee\u0219i propune s\u0103 \u00eenfiin\u021beze dou\u0103 clase de \u00eenv\u0103\u021b\u0103m\u00e2nt tradi\u021bional \u0219i o clas\u0103 \u00een alternativa \u201dStep by Step\u201d. \u00censcrierea copiilor pentru clasa preg\u0103titoare are loc \u00een perioada 31 martie- 6 mai. Conducerea \u0218colii Gimnaziale ,,Vasile Cristoforeanu\u201d \u00eei asigur\u0103 pe p\u0103rin\u021bii interesa\u021bi s\u0103-\u0219i \u00eenscrie copiii la aceast\u0103 unitate, de calitatea actului educa\u021bional. Clasa preg\u0103titoare face parte din ciclu de \u00eenv\u0103\u021b\u0103m\u00e2nt primar \u0219i reprezint\u0103 o perioad\u0103 de tranzi\u021bie de la&hellip;<\/p>\n","protected":false},"author":4,"featured_media":24492,"comment_status":"closed","ping_status":"closed","sticky":false,"template":"","format":"standard","meta":{"footnotes":""},"categories":[165],"tags":[8530,639,2268,1425],"class_list":["post-24491","post","type-post","status-publish","format-standard","has-post-thumbnail","hentry","category-informatia-de-ramnic","tag-clasa-zero","tag-copii","tag-invatamant","tag-scoala-vasile-cristoforeanu"],"gutentor_comment":0,"_links":{"self":[{"href":"https:\/\/scurtpe2.ro\/index.php?rest_route=\/wp\/v2\/posts\/24491","targetHints":{"allow":["GET"]}}],"collection":[{"href":"https:\/\/scurtpe2.ro\/index.php?rest_route=\/wp\/v2\/posts"}],"about":[{"href":"https:\/\/scurtpe2.ro\/index.php?rest_route=\/wp\/v2\/types\/post"}],"author":[{"embeddable":true,"href":"https:\/\/scurtpe2.ro\/index.php?rest_route=\/wp\/v2\/users\/4"}],"replies":[{"embeddable":true,"href":"https:\/\/scurtpe2.ro\/index.php?rest_route=%2Fwp%2Fv2%2Fcomments&post=24491"}],"version-history":[{"count":1,"href":"https:\/\/scurtpe2.ro\/index.php?rest_route=\/wp\/v2\/posts\/24491\/revisions"}],"predecessor-version":[{"id":24493,"href":"https:\/\/scurtpe2.ro\/index.php?rest_route=\/wp\/v2\/posts\/24491\/revisions\/24493"}],"wp:featuredmedia":[{"embeddable":true,"href":"https:\/\/scurtpe2.ro\/index.php?rest_route=\/wp\/v2\/media\/24492"}],"wp:attachment":[{"href":"https:\/\/scurtpe2.ro\/index.php?rest_route=%2Fwp%2Fv2%2Fmedia&parent=24491"}],"wp:term":[{"taxonomy":"category","embeddable":true,"href":"https:\/\/scurtpe2.ro\/index.php?rest_route=%2Fwp%2Fv2%2Fcategories&post=24491"},{"taxonomy":"post_tag","embeddable":true,"href":"https:\/\/scurtpe2.ro\/index.php?rest_route=%2Fwp%2Fv2%2Ftags&post=24491"}],"curies":[{"name":"wp","href":"https:\/\/api.w.org\/{rel}","templated":true}]}}