{"id":24465,"date":"2026-03-11T19:10:48","date_gmt":"2026-03-11T16:10:48","guid":{"rendered":"https:\/\/scurtpe2.ro\/?p=24465"},"modified":"2026-03-11T19:10:48","modified_gmt":"2026-03-11T16:10:48","slug":"pregatiri-pentru-evaluarea-nationala-2","status":"publish","type":"post","link":"https:\/\/scurtpe2.ro\/?p=24465","title":{"rendered":"PREG\u0102TIRI PENTRU EVALUAREA NA\u021aIONAL\u0102"},"content":{"rendered":"<p>Elevii claselor a VIII a din cadrul \u0218colii Gimnaziale ,,Vasile Cristoforeanu\u201d din R\u00e2mnicu S\u0103rat vor sus\u021bine simularea examenului de Evaluare Na\u021bional\u0103, dac\u0103 sindicali\u0219tii din \u00eenv\u0103\u021b\u0103m\u00e2nt nu vor boicota activitatea. Simularea este programat\u0103 \u00een perioada 16-17 martie.<\/p>\n<p>Pe parcursul anului \u0219colar, elevii care vor sus\u021bine \u00een var\u0103 Evaluarea na\u021bional\u0103 vor mai participa la simul\u0103ri ale examenului, dar cu subiecte elaborate la nivelul unit\u0103\u021bii de \u00eenv\u0103\u021b\u0103m\u00e2nt.<\/p>\n<p>Elevii care vor s\u0103-\u0219i testeze cuno\u0219tin\u021bele la limba englez\u0103, vor participa \u0219i la proba de speaking din cadrul examenului Cambridge, pe 21 martie, la Centrul de examinare din cadrul \u0218colii Gimnaziale &#8222;Vasile Cristoforeanu&#8221;. Elevii vor sus\u021bine testarea propriu-zis\u0103 a examenului pe data de 26 martie.<\/p>\n<p>Ob\u021binerea acestui certificat cu recunoa\u0219tere interna\u021bional\u0103 a devenit o tradi\u021bie pentru unitatea de \u00eenv\u0103\u021b\u0103m\u00e2nt din municipiul R\u00e2mnicu S\u0103rat, \u0219i de la an la an, tot mai mul\u021bi elevi sunt dornici s\u0103 sus\u021bin\u0103 testarea Cambridge.<\/p>\n","protected":false},"excerpt":{"rendered":"<p>Elevii claselor a VIII a din cadrul \u0218colii Gimnaziale ,,Vasile Cristoforeanu\u201d din R\u00e2mnicu S\u0103rat vor sus\u021bine simularea examenului de Evaluare Na\u021bional\u0103, dac\u0103 sindicali\u0219tii din \u00eenv\u0103\u021b\u0103m\u00e2nt nu vor boicota activitatea. Simularea este programat\u0103 \u00een perioada 16-17 martie. Pe parcursul anului \u0219colar, elevii care vor sus\u021bine \u00een var\u0103 Evaluarea na\u021bional\u0103 vor mai participa la simul\u0103ri ale examenului, dar cu subiecte elaborate la nivelul unit\u0103\u021bii de \u00eenv\u0103\u021b\u0103m\u00e2nt. Elevii care vor s\u0103-\u0219i testeze cuno\u0219tin\u021bele la limba englez\u0103, vor participa \u0219i la proba de speaking din cadrul examenului Cambridge, pe 21 martie, la Centrul de&hellip;<\/p>\n","protected":false},"author":4,"featured_media":24466,"comment_status":"closed","ping_status":"closed","sticky":false,"template":"","format":"standard","meta":{"footnotes":""},"categories":[165],"tags":[5191,246,1402,5955,1425],"class_list":["post-24465","post","type-post","status-publish","format-standard","has-post-thumbnail","hentry","category-informatia-de-ramnic","tag-cambridge","tag-elevi","tag-evaluare-nationala","tag-greva","tag-scoala-vasile-cristoforeanu"],"gutentor_comment":0,"_links":{"self":[{"href":"https:\/\/scurtpe2.ro\/index.php?rest_route=\/wp\/v2\/posts\/24465","targetHints":{"allow":["GET"]}}],"collection":[{"href":"https:\/\/scurtpe2.ro\/index.php?rest_route=\/wp\/v2\/posts"}],"about":[{"href":"https:\/\/scurtpe2.ro\/index.php?rest_route=\/wp\/v2\/types\/post"}],"author":[{"embeddable":true,"href":"https:\/\/scurtpe2.ro\/index.php?rest_route=\/wp\/v2\/users\/4"}],"replies":[{"embeddable":true,"href":"https:\/\/scurtpe2.ro\/index.php?rest_route=%2Fwp%2Fv2%2Fcomments&post=24465"}],"version-history":[{"count":1,"href":"https:\/\/scurtpe2.ro\/index.php?rest_route=\/wp\/v2\/posts\/24465\/revisions"}],"predecessor-version":[{"id":24467,"href":"https:\/\/scurtpe2.ro\/index.php?rest_route=\/wp\/v2\/posts\/24465\/revisions\/24467"}],"wp:featuredmedia":[{"embeddable":true,"href":"https:\/\/scurtpe2.ro\/index.php?rest_route=\/wp\/v2\/media\/24466"}],"wp:attachment":[{"href":"https:\/\/scurtpe2.ro\/index.php?rest_route=%2Fwp%2Fv2%2Fmedia&parent=24465"}],"wp:term":[{"taxonomy":"category","embeddable":true,"href":"https:\/\/scurtpe2.ro\/index.php?rest_route=%2Fwp%2Fv2%2Fcategories&post=24465"},{"taxonomy":"post_tag","embeddable":true,"href":"https:\/\/scurtpe2.ro\/index.php?rest_route=%2Fwp%2Fv2%2Ftags&post=24465"}],"curies":[{"name":"wp","href":"https:\/\/api.w.org\/{rel}","templated":true}]}}