{"id":24455,"date":"2026-03-10T19:29:17","date_gmt":"2026-03-10T16:29:17","guid":{"rendered":"https:\/\/scurtpe2.ro\/?p=24455"},"modified":"2026-03-10T19:29:17","modified_gmt":"2026-03-10T16:29:17","slug":"rosia-de-martie-un-lux","status":"publish","type":"post","link":"https:\/\/scurtpe2.ro\/?p=24455","title":{"rendered":"RO\u0218IA DE MARTIE, UN LUX"},"content":{"rendered":"<p>Pie\u021bele din jude\u021b vor abunda de ro\u0219ii, \u00eencep\u00e2nd de luna viitoare. O spun reprezentan\u021bii Direc\u021biei Agricole Buz\u0103u, care recunosc, totu\u0219i c\u0103, foarte probabil, primele tomate rom\u00e2ne\u0219ti \u00eei vor \u021bine la distan\u021b\u0103 pe clien\u021bi. \u0218i asta pentru c\u0103, un kilogram de ro\u0219ii autohtone va ajunge s\u0103 coste aproape 40 de lei, mult prea scump pentru unii dintre buzoieni.<\/p>\n<p>Unii legumicultori estimeaz\u0103 c\u0103 pre\u021bul de pornire a ro\u0219iilor la produc\u0103tor va fi 40-48 de lei\/kg, iar la tarab\u0103 acesta s-ar putea dubla. Speciali\u0219tii spun c\u0103, \u00eentr-adev\u0103r, ro\u0219iile de martie vor fi un lux, adic\u0103 nu vor fi chiar pentru oricine.<\/p>\n<p>\u00cen privin\u021ba celorlalte verde\u021buri, tarabele din pie\u021be vor fi pline c\u00e2t de cur\u00e2nd. Buzoienii vor avea la dispozi\u021bie numeroase legume la pre\u021buri rezonabile.<\/p>\n","protected":false},"excerpt":{"rendered":"<p>Pie\u021bele din jude\u021b vor abunda de ro\u0219ii, \u00eencep\u00e2nd de luna viitoare. O spun reprezentan\u021bii Direc\u021biei Agricole Buz\u0103u, care recunosc, totu\u0219i c\u0103, foarte probabil, primele tomate rom\u00e2ne\u0219ti \u00eei vor \u021bine la distan\u021b\u0103 pe clien\u021bi. \u0218i asta pentru c\u0103, un kilogram de ro\u0219ii autohtone va ajunge s\u0103 coste aproape 40 de lei, mult prea scump pentru unii dintre buzoieni. Unii legumicultori estimeaz\u0103 c\u0103 pre\u021bul de pornire a ro\u0219iilor la produc\u0103tor va fi 40-48 de lei\/kg, iar la tarab\u0103 acesta s-ar putea dubla. Speciali\u0219tii spun c\u0103, \u00eentr-adev\u0103r, ro\u0219iile de martie vor fi un&hellip;<\/p>\n","protected":false},"author":4,"featured_media":17515,"comment_status":"closed","ping_status":"closed","sticky":false,"template":"","format":"standard","meta":{"footnotes":""},"categories":[168],"tags":[1299,4232,6584,5279],"class_list":["post-24455","post","type-post","status-publish","format-standard","has-post-thumbnail","hentry","category-informatia-de-buzau","tag-buzoieni","tag-lux","tag-rosii","tag-verdeturi"],"gutentor_comment":0,"_links":{"self":[{"href":"https:\/\/scurtpe2.ro\/index.php?rest_route=\/wp\/v2\/posts\/24455","targetHints":{"allow":["GET"]}}],"collection":[{"href":"https:\/\/scurtpe2.ro\/index.php?rest_route=\/wp\/v2\/posts"}],"about":[{"href":"https:\/\/scurtpe2.ro\/index.php?rest_route=\/wp\/v2\/types\/post"}],"author":[{"embeddable":true,"href":"https:\/\/scurtpe2.ro\/index.php?rest_route=\/wp\/v2\/users\/4"}],"replies":[{"embeddable":true,"href":"https:\/\/scurtpe2.ro\/index.php?rest_route=%2Fwp%2Fv2%2Fcomments&post=24455"}],"version-history":[{"count":1,"href":"https:\/\/scurtpe2.ro\/index.php?rest_route=\/wp\/v2\/posts\/24455\/revisions"}],"predecessor-version":[{"id":24456,"href":"https:\/\/scurtpe2.ro\/index.php?rest_route=\/wp\/v2\/posts\/24455\/revisions\/24456"}],"wp:featuredmedia":[{"embeddable":true,"href":"https:\/\/scurtpe2.ro\/index.php?rest_route=\/wp\/v2\/media\/17515"}],"wp:attachment":[{"href":"https:\/\/scurtpe2.ro\/index.php?rest_route=%2Fwp%2Fv2%2Fmedia&parent=24455"}],"wp:term":[{"taxonomy":"category","embeddable":true,"href":"https:\/\/scurtpe2.ro\/index.php?rest_route=%2Fwp%2Fv2%2Fcategories&post=24455"},{"taxonomy":"post_tag","embeddable":true,"href":"https:\/\/scurtpe2.ro\/index.php?rest_route=%2Fwp%2Fv2%2Ftags&post=24455"}],"curies":[{"name":"wp","href":"https:\/\/api.w.org\/{rel}","templated":true}]}}