{"id":24436,"date":"2026-03-06T20:13:15","date_gmt":"2026-03-06T17:13:15","guid":{"rendered":"https:\/\/scurtpe2.ro\/?p=24436"},"modified":"2026-03-06T20:13:15","modified_gmt":"2026-03-06T17:13:15","slug":"ursii-in-topul-sesizarilor","status":"publish","type":"post","link":"https:\/\/scurtpe2.ro\/?p=24436","title":{"rendered":"UR\u0218II, \u00ceN TOPUL SESIZ\u0102RILOR"},"content":{"rendered":"<p>Ur\u015fii dau serios de furc\u0103, nu numai buzoienilor din zona de munte a jude\u021bului, ci \u0219i autorit\u0103\u0163ilor. Dovad\u0103 num\u0103rul de sesiz\u0103ri \u00een urma c\u0103rora jandarmii buzoieni au fost nevoi\u021bi s\u0103 intervin\u0103, pentru alungarea sau patrularea \u00een zonele \u00een care a fost anun\u021bat\u0103 apari\u021bia ur\u0219ilor. De altfel, prezen\u021ba s\u0103lb\u0103ticiunilor, \u00een special a ur\u0219ilor, s-a aflat \u00een topul sesiz\u0103rilor primite de jandarmi \u00een 2025.<\/p>\n<p>\u00cen urma unei monitoriz\u0103ri efectuat\u0103, \u00een 2025, Agen\u0163ia pentru Protec\u0163ia Mediului Buz\u0103u a constatat c\u0103 \u00een p\u0103durile din jude\u0163 tr\u0103iesc aproape 1.500 de ur\u015fi. Speciali\u0219tii \u00een domeniu atrag aten\u021bia c\u0103 ur\u0219ii vor deveni, odat\u0103 cu \u00eenc\u0103lzirea vremii, din nou un mare pericol, deoarece vor ie\u0219i din hibernare. \u00cen acest context, turi\u0219tii care vor dori s\u0103 plece \u00een drume\u0163ie prin p\u0103dure, dar \u015fi locuitorii din zonele \u00een care de obicei s-au confruntat cu prezen\u021ba acestor s\u0103lb\u0103ticiuni sunt sf\u0103tui\u021bi s\u0103 respecte regulile de siguran\u0163\u0103.<\/p>\n","protected":false},"excerpt":{"rendered":"<p>Ur\u015fii dau serios de furc\u0103, nu numai buzoienilor din zona de munte a jude\u021bului, ci \u0219i autorit\u0103\u0163ilor. Dovad\u0103 num\u0103rul de sesiz\u0103ri \u00een urma c\u0103rora jandarmii buzoieni au fost nevoi\u021bi s\u0103 intervin\u0103, pentru alungarea sau patrularea \u00een zonele \u00een care a fost anun\u021bat\u0103 apari\u021bia ur\u0219ilor. De altfel, prezen\u021ba s\u0103lb\u0103ticiunilor, \u00een special a ur\u0219ilor, s-a aflat \u00een topul sesiz\u0103rilor primite de jandarmi \u00een 2025. \u00cen urma unei monitoriz\u0103ri efectuat\u0103, \u00een 2025, Agen\u0163ia pentru Protec\u0163ia Mediului Buz\u0103u a constatat c\u0103 \u00een p\u0103durile din jude\u0163 tr\u0103iesc aproape 1.500 de ur\u015fi. Speciali\u0219tii \u00een domeniu atrag&hellip;<\/p>\n","protected":false},"author":4,"featured_media":15619,"comment_status":"closed","ping_status":"closed","sticky":false,"template":"","format":"standard","meta":{"footnotes":""},"categories":[168],"tags":[4760,282,5102,5164],"class_list":["post-24436","post","type-post","status-publish","format-standard","has-post-thumbnail","hentry","category-informatia-de-buzau","tag-gospodarie","tag-jandarmi","tag-padure","tag-ursi"],"gutentor_comment":0,"_links":{"self":[{"href":"https:\/\/scurtpe2.ro\/index.php?rest_route=\/wp\/v2\/posts\/24436","targetHints":{"allow":["GET"]}}],"collection":[{"href":"https:\/\/scurtpe2.ro\/index.php?rest_route=\/wp\/v2\/posts"}],"about":[{"href":"https:\/\/scurtpe2.ro\/index.php?rest_route=\/wp\/v2\/types\/post"}],"author":[{"embeddable":true,"href":"https:\/\/scurtpe2.ro\/index.php?rest_route=\/wp\/v2\/users\/4"}],"replies":[{"embeddable":true,"href":"https:\/\/scurtpe2.ro\/index.php?rest_route=%2Fwp%2Fv2%2Fcomments&post=24436"}],"version-history":[{"count":1,"href":"https:\/\/scurtpe2.ro\/index.php?rest_route=\/wp\/v2\/posts\/24436\/revisions"}],"predecessor-version":[{"id":24437,"href":"https:\/\/scurtpe2.ro\/index.php?rest_route=\/wp\/v2\/posts\/24436\/revisions\/24437"}],"wp:featuredmedia":[{"embeddable":true,"href":"https:\/\/scurtpe2.ro\/index.php?rest_route=\/wp\/v2\/media\/15619"}],"wp:attachment":[{"href":"https:\/\/scurtpe2.ro\/index.php?rest_route=%2Fwp%2Fv2%2Fmedia&parent=24436"}],"wp:term":[{"taxonomy":"category","embeddable":true,"href":"https:\/\/scurtpe2.ro\/index.php?rest_route=%2Fwp%2Fv2%2Fcategories&post=24436"},{"taxonomy":"post_tag","embeddable":true,"href":"https:\/\/scurtpe2.ro\/index.php?rest_route=%2Fwp%2Fv2%2Ftags&post=24436"}],"curies":[{"name":"wp","href":"https:\/\/api.w.org\/{rel}","templated":true}]}}