{"id":24433,"date":"2026-03-05T20:06:22","date_gmt":"2026-03-05T17:06:22","guid":{"rendered":"https:\/\/scurtpe2.ro\/?p=24433"},"modified":"2026-03-06T20:09:18","modified_gmt":"2026-03-06T17:09:18","slug":"sfecla-de-zahar-un-nou-trend-in-agricultura","status":"publish","type":"post","link":"https:\/\/scurtpe2.ro\/?p=24433","title":{"rendered":"SFECLA DE ZAH\u0102R, UN NOU &#8222;TREND&#8221; \u00ceN AGRICULTUR\u0102"},"content":{"rendered":"<p>Dup\u0103 o pauz\u0103 de aproape 30 de ani, cultura sfeclei de zah\u0103r revine \u00een aten\u021bia fermierilor din jude\u021bul Buz\u0103u, fiind considerat\u0103 una dintre cele mai profitabile culturi tehnice, capabil\u0103 s\u0103 aduc\u0103 satisfac\u021bii financiare mari. Interesul pentru aceast\u0103 cultur\u0103 este dat de poten\u021bialul s\u0103u ridicat de produc\u021bie \u0219i de tehnologiile moderne de cultivare. Reprezentan\u021bii Direc\u021biei Agricole Buz\u0103u spun c\u0103 zona \u021ainte\u0219ti, \u00een ciuda terenului zlotos, pare s\u0103 fie una dintre cele mai propice din jude\u021b pentru cultivarea sfeclei de zah\u0103r.<\/p>\n<p>Faptul c\u0103 aceast\u0103 cultur\u0103 rena\u0219te din propria cenu\u0219\u0103 o arat\u0103 \u00a0cantitatea record pe care au cules-o anul trecut\u00a0 fermierii din \u021ainte\u0219ti.<\/p>\n<p>Grupul de fermieri din jude\u021bul Buz\u0103u va livra, pentru al doilea an, sfecl\u0103 de zah\u0103r la cele dou\u0103 fabrici de procesare care au mai r\u0103mas \u00een \u021bar\u0103.<\/p>\n<p>Un impuls pentru fermierii care au ales s\u0103 readuc\u0103 la via\u021b\u0103 culturile de sfecl\u0103 de zah\u0103r a venit \u0219i din partea Ministerului Agriculturii prin subven\u021biile oferite.<\/p>\n<p>Ca structur\u0103 de culturi, terenurile unde acum se cultiv\u0103 sfecl\u0103 de zah\u0103r aveau anterior porumb, la care fermierii au decis s\u0103 renun\u021be complet din cauza riscului de pierderi.<\/p>\n","protected":false},"excerpt":{"rendered":"<p>Dup\u0103 o pauz\u0103 de aproape 30 de ani, cultura sfeclei de zah\u0103r revine \u00een aten\u021bia fermierilor din jude\u021bul Buz\u0103u, fiind considerat\u0103 una dintre cele mai profitabile culturi tehnice, capabil\u0103 s\u0103 aduc\u0103 satisfac\u021bii financiare mari. Interesul pentru aceast\u0103 cultur\u0103 este dat de poten\u021bialul s\u0103u ridicat de produc\u021bie \u0219i de tehnologiile moderne de cultivare. Reprezentan\u021bii Direc\u021biei Agricole Buz\u0103u spun c\u0103 zona \u021ainte\u0219ti, \u00een ciuda terenului zlotos, pare s\u0103 fie una dintre cele mai propice din jude\u021b pentru cultivarea sfeclei de zah\u0103r. Faptul c\u0103 aceast\u0103 cultur\u0103 rena\u0219te din propria cenu\u0219\u0103 o arat\u0103 \u00a0cantitatea&hellip;<\/p>\n","protected":false},"author":4,"featured_media":24434,"comment_status":"closed","ping_status":"closed","sticky":false,"template":"","format":"standard","meta":{"footnotes":""},"categories":[168],"tags":[5663,657,611,8515],"class_list":["post-24433","post","type-post","status-publish","format-standard","has-post-thumbnail","hentry","category-informatia-de-buzau","tag-agricol","tag-culturi","tag-fermieri","tag-sfecla-de-zahar"],"gutentor_comment":0,"_links":{"self":[{"href":"https:\/\/scurtpe2.ro\/index.php?rest_route=\/wp\/v2\/posts\/24433","targetHints":{"allow":["GET"]}}],"collection":[{"href":"https:\/\/scurtpe2.ro\/index.php?rest_route=\/wp\/v2\/posts"}],"about":[{"href":"https:\/\/scurtpe2.ro\/index.php?rest_route=\/wp\/v2\/types\/post"}],"author":[{"embeddable":true,"href":"https:\/\/scurtpe2.ro\/index.php?rest_route=\/wp\/v2\/users\/4"}],"replies":[{"embeddable":true,"href":"https:\/\/scurtpe2.ro\/index.php?rest_route=%2Fwp%2Fv2%2Fcomments&post=24433"}],"version-history":[{"count":1,"href":"https:\/\/scurtpe2.ro\/index.php?rest_route=\/wp\/v2\/posts\/24433\/revisions"}],"predecessor-version":[{"id":24435,"href":"https:\/\/scurtpe2.ro\/index.php?rest_route=\/wp\/v2\/posts\/24433\/revisions\/24435"}],"wp:featuredmedia":[{"embeddable":true,"href":"https:\/\/scurtpe2.ro\/index.php?rest_route=\/wp\/v2\/media\/24434"}],"wp:attachment":[{"href":"https:\/\/scurtpe2.ro\/index.php?rest_route=%2Fwp%2Fv2%2Fmedia&parent=24433"}],"wp:term":[{"taxonomy":"category","embeddable":true,"href":"https:\/\/scurtpe2.ro\/index.php?rest_route=%2Fwp%2Fv2%2Fcategories&post=24433"},{"taxonomy":"post_tag","embeddable":true,"href":"https:\/\/scurtpe2.ro\/index.php?rest_route=%2Fwp%2Fv2%2Ftags&post=24433"}],"curies":[{"name":"wp","href":"https:\/\/api.w.org\/{rel}","templated":true}]}}