{"id":24430,"date":"2026-03-05T20:03:02","date_gmt":"2026-03-05T17:03:02","guid":{"rendered":"https:\/\/scurtpe2.ro\/?p=24430"},"modified":"2026-03-06T20:05:25","modified_gmt":"2026-03-06T17:05:25","slug":"parteneriat-european-strategic","status":"publish","type":"post","link":"https:\/\/scurtpe2.ro\/?p=24430","title":{"rendered":"PARTENERIAT EUROPEAN STRATEGIC"},"content":{"rendered":"<p>Eveniment important g\u0103zduit de municipiul Rm S\u0103rat \u0219i dedicat parteneriatelor europene strategice \u00eentre organiza\u021biile de tineret. Este vorba despre cea de-a doua sesiune de lucru din cadrul proiectului Charting Futures, care a reunit 18 delega\u021bi din Portugalia, Italia, Polonia, Suedia \u0219i Rom\u00e2nia. Gazda evenimentului a fost Asocia\u021bia de Tineret Onix, din R\u00e2mnicu S\u0103rat, \u00een timp ce Asocia\u021bia Psientifica din Portugalia a fost coordonatorul proiectului. Printre obiectivele \u00eent\u00e2lnirii s-au num\u0103rat conceperea unei metode de lucru \u00een cadrul consor\u021biului, \u00eemp\u0103rt\u0103\u0219irea rezultatelor \u0219i stabilirea contextului pentru viitoarele colabor\u0103ri.<\/p>\n<p>Parteneriatul strategic este finan\u021bat prin ac\u021biunea a 2-a programului Erasmus Plus \u0219i sus\u021bine dezvoltarea capacit\u0103\u021bii organiza\u021biilor \u0219i comunit\u0103\u021bilor partenere de a r\u0103spunde activ, prin metode specifice provoc\u0103rilor cu care tinerii \u0219i lucr\u0103torii de tineret se confrunt\u0103, fiind \u00eencurajat un parteneriat sustenabil care s\u0103 genereze oportunit\u0103\u021bi, proiecte, rezultate \u0219i impact comunitar.<\/p>\n","protected":false},"excerpt":{"rendered":"<p>Eveniment important g\u0103zduit de municipiul Rm S\u0103rat \u0219i dedicat parteneriatelor europene strategice \u00eentre organiza\u021biile de tineret. Este vorba despre cea de-a doua sesiune de lucru din cadrul proiectului Charting Futures, care a reunit 18 delega\u021bi din Portugalia, Italia, Polonia, Suedia \u0219i Rom\u00e2nia. Gazda evenimentului a fost Asocia\u021bia de Tineret Onix, din R\u00e2mnicu S\u0103rat, \u00een timp ce Asocia\u021bia Psientifica din Portugalia a fost coordonatorul proiectului. Printre obiectivele \u00eent\u00e2lnirii s-au num\u0103rat conceperea unei metode de lucru \u00een cadrul consor\u021biului, \u00eemp\u0103rt\u0103\u0219irea rezultatelor \u0219i stabilirea contextului pentru viitoarele colabor\u0103ri. Parteneriatul strategic este finan\u021bat prin&hellip;<\/p>\n","protected":false},"author":4,"featured_media":24431,"comment_status":"closed","ping_status":"closed","sticky":false,"template":"","format":"standard","meta":{"footnotes":""},"categories":[165],"tags":[8514,4233,6738,4938,2713],"class_list":["post-24430","post","type-post","status-publish","format-standard","has-post-thumbnail","hentry","category-informatia-de-ramnic","tag-charting-futures","tag-comunitate","tag-erasmus-plus","tag-onix","tag-tineri"],"gutentor_comment":0,"_links":{"self":[{"href":"https:\/\/scurtpe2.ro\/index.php?rest_route=\/wp\/v2\/posts\/24430","targetHints":{"allow":["GET"]}}],"collection":[{"href":"https:\/\/scurtpe2.ro\/index.php?rest_route=\/wp\/v2\/posts"}],"about":[{"href":"https:\/\/scurtpe2.ro\/index.php?rest_route=\/wp\/v2\/types\/post"}],"author":[{"embeddable":true,"href":"https:\/\/scurtpe2.ro\/index.php?rest_route=\/wp\/v2\/users\/4"}],"replies":[{"embeddable":true,"href":"https:\/\/scurtpe2.ro\/index.php?rest_route=%2Fwp%2Fv2%2Fcomments&post=24430"}],"version-history":[{"count":1,"href":"https:\/\/scurtpe2.ro\/index.php?rest_route=\/wp\/v2\/posts\/24430\/revisions"}],"predecessor-version":[{"id":24432,"href":"https:\/\/scurtpe2.ro\/index.php?rest_route=\/wp\/v2\/posts\/24430\/revisions\/24432"}],"wp:featuredmedia":[{"embeddable":true,"href":"https:\/\/scurtpe2.ro\/index.php?rest_route=\/wp\/v2\/media\/24431"}],"wp:attachment":[{"href":"https:\/\/scurtpe2.ro\/index.php?rest_route=%2Fwp%2Fv2%2Fmedia&parent=24430"}],"wp:term":[{"taxonomy":"category","embeddable":true,"href":"https:\/\/scurtpe2.ro\/index.php?rest_route=%2Fwp%2Fv2%2Fcategories&post=24430"},{"taxonomy":"post_tag","embeddable":true,"href":"https:\/\/scurtpe2.ro\/index.php?rest_route=%2Fwp%2Fv2%2Ftags&post=24430"}],"curies":[{"name":"wp","href":"https:\/\/api.w.org\/{rel}","templated":true}]}}