{"id":24424,"date":"2026-03-05T19:55:50","date_gmt":"2026-03-05T16:55:50","guid":{"rendered":"https:\/\/scurtpe2.ro\/?p=24424"},"modified":"2026-03-06T19:58:19","modified_gmt":"2026-03-06T16:58:19","slug":"plan-pentru-beneficiarii-de-venit-minim-de-incluziune","status":"publish","type":"post","link":"https:\/\/scurtpe2.ro\/?p=24424","title":{"rendered":"PLAN PENTRU BENEFICIARII DE VENIT MINIM DE INCLUZIUNE"},"content":{"rendered":"<p>Consiliul Local Municipal R\u00e2mnicu S\u0103rat a aprobat planul de ac\u021biuni \u0219i lucr\u0103ri, pentru acest an, \u00een vederea repartiz\u0103rii orelor de munc\u0103 prestate lunar de c\u0103tre persoanele care beneficiaz\u0103 de venit minim de incluziune. Potrivit noului plan, beneficiarii ajutorului social vor efectua lucr\u0103ri permanente de \u00eentre\u021binere a zonei centrale a municipiului, a principalelor artere rutiere, dar vor \u00eengriji \u0219i spa\u021biile verzi \u0219i locurile de joac\u0103. De asemenea, \u00een func\u021bie de anotimp si condi\u021biile meteo, ei vor fi implica\u021bi \u0219i \u00een cur\u0103\u021barea albiei p\u00e2r\u00e2ului Oreavu \u0219i a r\u00e2ului R\u00e2mnic. Cei care vor refuza s\u0103 presteze astfel activit\u0103\u021bi pe o perioad\u0103 mai mare de 30 de zile, nu vor mai primi ajutorul de incluziune pentru o perioad\u0103 de maximum trei luni. De asemenea, plata ajutorului de incluziune va \u00eenceta \u0219i, dac\u0103 obliga\u021bia este ne\u00eendeplinit\u0103 \u0219i \u00een perioada de suspendare.<\/p>\n<p>Planul de ac\u021biuni \u0219i lucr\u0103ri, pentru acest an, \u00een vederea repartiz\u0103rii orelor de munc\u0103 prestate lunar de c\u0103tre persoanele beneficiare de venit minim de incluziune, a fost aprobat \u00een unanimitate de consilierii locali.<\/p>\n<p>Potrivit legii, \u00een cazul familiilor beneficiare de venit minim de incluziune, una dintre persoanele majore apte de munc\u0103 are obliga\u021bia de a presta lunar, la solicitarea primarului, activit\u0103\u021bi sau lucr\u0103ri de interes local, f\u0103r\u0103 a dep\u0103\u0219i regimul normal de munc\u0103, cu respectarea normelor de securitate \u0219i igien\u0103 a muncii.<\/p>\n","protected":false},"excerpt":{"rendered":"<p>Consiliul Local Municipal R\u00e2mnicu S\u0103rat a aprobat planul de ac\u021biuni \u0219i lucr\u0103ri, pentru acest an, \u00een vederea repartiz\u0103rii orelor de munc\u0103 prestate lunar de c\u0103tre persoanele care beneficiaz\u0103 de venit minim de incluziune. Potrivit noului plan, beneficiarii ajutorului social vor efectua lucr\u0103ri permanente de \u00eentre\u021binere a zonei centrale a municipiului, a principalelor artere rutiere, dar vor \u00eengriji \u0219i spa\u021biile verzi \u0219i locurile de joac\u0103. De asemenea, \u00een func\u021bie de anotimp si condi\u021biile meteo, ei vor fi implica\u021bi \u0219i \u00een cur\u0103\u021barea albiei p\u00e2r\u00e2ului Oreavu \u0219i a r\u00e2ului R\u00e2mnic. Cei care vor&hellip;<\/p>\n","protected":false},"author":4,"featured_media":24425,"comment_status":"closed","ping_status":"closed","sticky":false,"template":"","format":"standard","meta":{"footnotes":""},"categories":[165],"tags":[1275,3120,7114],"class_list":["post-24424","post","type-post","status-publish","format-standard","has-post-thumbnail","hentry","category-informatia-de-ramnic","tag-consiliu-local","tag-munca","tag-venit-minim-de-incluziune"],"gutentor_comment":0,"_links":{"self":[{"href":"https:\/\/scurtpe2.ro\/index.php?rest_route=\/wp\/v2\/posts\/24424","targetHints":{"allow":["GET"]}}],"collection":[{"href":"https:\/\/scurtpe2.ro\/index.php?rest_route=\/wp\/v2\/posts"}],"about":[{"href":"https:\/\/scurtpe2.ro\/index.php?rest_route=\/wp\/v2\/types\/post"}],"author":[{"embeddable":true,"href":"https:\/\/scurtpe2.ro\/index.php?rest_route=\/wp\/v2\/users\/4"}],"replies":[{"embeddable":true,"href":"https:\/\/scurtpe2.ro\/index.php?rest_route=%2Fwp%2Fv2%2Fcomments&post=24424"}],"version-history":[{"count":1,"href":"https:\/\/scurtpe2.ro\/index.php?rest_route=\/wp\/v2\/posts\/24424\/revisions"}],"predecessor-version":[{"id":24426,"href":"https:\/\/scurtpe2.ro\/index.php?rest_route=\/wp\/v2\/posts\/24424\/revisions\/24426"}],"wp:featuredmedia":[{"embeddable":true,"href":"https:\/\/scurtpe2.ro\/index.php?rest_route=\/wp\/v2\/media\/24425"}],"wp:attachment":[{"href":"https:\/\/scurtpe2.ro\/index.php?rest_route=%2Fwp%2Fv2%2Fmedia&parent=24424"}],"wp:term":[{"taxonomy":"category","embeddable":true,"href":"https:\/\/scurtpe2.ro\/index.php?rest_route=%2Fwp%2Fv2%2Fcategories&post=24424"},{"taxonomy":"post_tag","embeddable":true,"href":"https:\/\/scurtpe2.ro\/index.php?rest_route=%2Fwp%2Fv2%2Ftags&post=24424"}],"curies":[{"name":"wp","href":"https:\/\/api.w.org\/{rel}","templated":true}]}}