{"id":24148,"date":"2026-01-30T19:29:56","date_gmt":"2026-01-30T16:29:56","guid":{"rendered":"https:\/\/scurtpe2.ro\/?p=24148"},"modified":"2026-01-30T19:29:56","modified_gmt":"2026-01-30T16:29:56","slug":"colaborare-cu-asociatiile-de-proprietari","status":"publish","type":"post","link":"https:\/\/scurtpe2.ro\/?p=24148","title":{"rendered":"COLABORARE CU ASOCIA\u021aIILE DE PROPRIETARI"},"content":{"rendered":"<p>Reprezentan\u021bii Prim\u0103riei R\u00e2mnicu S\u0103rat reamintesc asocia\u021biilor de proprietari responsabilitatea major\u0103 pe care o au \u00een fa\u021ba legii \u0219i a cet\u0103\u021benilor. Autorit\u0103\u021bile locale \u0219i-au propus s\u0103 aib\u0103, \u00een continuare, o rela\u021bie de bun\u0103 colaborare cu asocia\u021biile de proprietari din municipiu. \u00cen acest sens, periodic au loc \u00eent\u00e2lniri pentru a identifica solu\u021biile cu privire la problemele pe care cet\u0103\u021benii le ridic\u0103 privind furnizarea serviciilor de ap\u0103 \u0219i canal, salubrizarea sau chiar rezolvarea unor conflicte ap\u0103rute \u00eentre vecini.<\/p>\n<p>Pentru buna func\u021bionare a lucrurilor \u00een comunitatea local\u0103, \u00een cadrul Prim\u0103riei Rm. S\u0103rat func\u021bioneaz\u0103 Compartimentul \u00cendrumarea \u0219i Sprijinirea Asocia\u021biilor de Proprietari.<\/p>\n","protected":false},"excerpt":{"rendered":"<p>Reprezentan\u021bii Prim\u0103riei R\u00e2mnicu S\u0103rat reamintesc asocia\u021biilor de proprietari responsabilitatea major\u0103 pe care o au \u00een fa\u021ba legii \u0219i a cet\u0103\u021benilor. Autorit\u0103\u021bile locale \u0219i-au propus s\u0103 aib\u0103, \u00een continuare, o rela\u021bie de bun\u0103 colaborare cu asocia\u021biile de proprietari din municipiu. \u00cen acest sens, periodic au loc \u00eent\u00e2lniri pentru a identifica solu\u021biile cu privire la problemele pe care cet\u0103\u021benii le ridic\u0103 privind furnizarea serviciilor de ap\u0103 \u0219i canal, salubrizarea sau chiar rezolvarea unor conflicte ap\u0103rute \u00eentre vecini. Pentru buna func\u021bionare a lucrurilor \u00een comunitatea local\u0103, \u00een cadrul Prim\u0103riei Rm. S\u0103rat func\u021bioneaz\u0103 Compartimentul&hellip;<\/p>\n","protected":false},"author":4,"featured_media":24149,"comment_status":"closed","ping_status":"closed","sticky":false,"template":"","format":"standard","meta":{"footnotes":""},"categories":[173,165],"tags":[8382,1693,1191],"class_list":["post-24148","post","type-post","status-publish","format-standard","has-post-thumbnail","hentry","category-administrativ","category-informatia-de-ramnic","tag-asociatie-de-proprietari","tag-bloc","tag-lege"],"gutentor_comment":0,"_links":{"self":[{"href":"https:\/\/scurtpe2.ro\/index.php?rest_route=\/wp\/v2\/posts\/24148","targetHints":{"allow":["GET"]}}],"collection":[{"href":"https:\/\/scurtpe2.ro\/index.php?rest_route=\/wp\/v2\/posts"}],"about":[{"href":"https:\/\/scurtpe2.ro\/index.php?rest_route=\/wp\/v2\/types\/post"}],"author":[{"embeddable":true,"href":"https:\/\/scurtpe2.ro\/index.php?rest_route=\/wp\/v2\/users\/4"}],"replies":[{"embeddable":true,"href":"https:\/\/scurtpe2.ro\/index.php?rest_route=%2Fwp%2Fv2%2Fcomments&post=24148"}],"version-history":[{"count":1,"href":"https:\/\/scurtpe2.ro\/index.php?rest_route=\/wp\/v2\/posts\/24148\/revisions"}],"predecessor-version":[{"id":24150,"href":"https:\/\/scurtpe2.ro\/index.php?rest_route=\/wp\/v2\/posts\/24148\/revisions\/24150"}],"wp:featuredmedia":[{"embeddable":true,"href":"https:\/\/scurtpe2.ro\/index.php?rest_route=\/wp\/v2\/media\/24149"}],"wp:attachment":[{"href":"https:\/\/scurtpe2.ro\/index.php?rest_route=%2Fwp%2Fv2%2Fmedia&parent=24148"}],"wp:term":[{"taxonomy":"category","embeddable":true,"href":"https:\/\/scurtpe2.ro\/index.php?rest_route=%2Fwp%2Fv2%2Fcategories&post=24148"},{"taxonomy":"post_tag","embeddable":true,"href":"https:\/\/scurtpe2.ro\/index.php?rest_route=%2Fwp%2Fv2%2Ftags&post=24148"}],"curies":[{"name":"wp","href":"https:\/\/api.w.org\/{rel}","templated":true}]}}