{"id":24146,"date":"2026-01-28T19:26:31","date_gmt":"2026-01-28T16:26:31","guid":{"rendered":"https:\/\/scurtpe2.ro\/?p=24146"},"modified":"2026-01-28T19:26:31","modified_gmt":"2026-01-28T16:26:31","slug":"ilie-stan-a-dat-in-judecata-gloria","status":"publish","type":"post","link":"https:\/\/scurtpe2.ro\/?p=24146","title":{"rendered":"ILIE STAN A DAT \u00ceN JUDECAT\u0102 GLORIA"},"content":{"rendered":"<p>Ilie Stan a deschis o ac\u021biune \u00een instan\u021b\u0103 \u00eempotriva FC Buz\u0103u, pentru c\u0103 nu \u0219i-a primit salariile pe ultimele trei luni de contract. Primul termen de judecat\u0103 este stabilit pentru 29 ianuarie.<\/p>\n<p>Fostul interna\u021bional a semnat cu Gloria Buz\u0103u \u00een luna martie a anului trecut, \u00eentr-un moment extrem de dificil pentru echip\u0103. \u00cen acel moment, forma\u021bia buzoian\u0103 se afla pe ultimul loc al clasamentului cu pu\u021bine \u0219anse de a mai spera la salvarea de la retrogradare. \u00cen ciuda eforturilor sale, echipa din Cr\u00e2ng a retrogradat la finalul play-out-ului, bilan\u021bul sub comanda lui Ilie Stan fiind de dou\u0103 victorii, un egal \u0219i \u0219ase \u00eenfr\u00e2ngeri.<\/p>\n<p>Dup\u0103 retrogradare, Prim\u0103ria Buz\u0103u a decis desfiin\u021barea clubului, situa\u021bie care complic\u0103 serios \u0219ansele de recuperare a restan\u021belor financiare, at\u00e2t pentru antrenor, c\u00e2t \u0219i pentru mai mul\u021bi juc\u0103tori, care, de asemenea, nu \u0219i-au primit salariile pe ultimele trei luni \u0219i au apelat la instan\u021b\u0103.<\/p>\n<p>\u00cen toamna trecut\u0103, Ilie Stan recuno\u0219tea c\u0103 regret\u0103 revenirea la Buz\u0103u, ora\u0219ul s\u0103u natal, experien\u021ba de la Gloria l\u0103s\u00e2ndu-i un gust amar, nu doar pe plan profesional, c\u00e2t \u0219i \u00een cel personal.<\/p>\n","protected":false},"excerpt":{"rendered":"<p>Ilie Stan a deschis o ac\u021biune \u00een instan\u021b\u0103 \u00eempotriva FC Buz\u0103u, pentru c\u0103 nu \u0219i-a primit salariile pe ultimele trei luni de contract. Primul termen de judecat\u0103 este stabilit pentru 29 ianuarie. Fostul interna\u021bional a semnat cu Gloria Buz\u0103u \u00een luna martie a anului trecut, \u00eentr-un moment extrem de dificil pentru echip\u0103. \u00cen acel moment, forma\u021bia buzoian\u0103 se afla pe ultimul loc al clasamentului cu pu\u021bine \u0219anse de a mai spera la salvarea de la retrogradare. \u00cen ciuda eforturilor sale, echipa din Cr\u00e2ng a retrogradat la finalul play-out-ului, bilan\u021bul sub&hellip;<\/p>\n","protected":false},"author":4,"featured_media":22019,"comment_status":"closed","ping_status":"closed","sticky":false,"template":"","format":"standard","meta":{"footnotes":""},"categories":[168,160],"tags":[931,1995,530,4346,3911,7122],"class_list":["post-24146","post","type-post","status-publish","format-standard","has-post-thumbnail","hentry","category-informatia-de-buzau","category-sport","tag-gloria-buzau","tag-ilie-stan","tag-primaria-buzau","tag-retrogradare","tag-salariu","tag-tribunal"],"gutentor_comment":0,"_links":{"self":[{"href":"https:\/\/scurtpe2.ro\/index.php?rest_route=\/wp\/v2\/posts\/24146","targetHints":{"allow":["GET"]}}],"collection":[{"href":"https:\/\/scurtpe2.ro\/index.php?rest_route=\/wp\/v2\/posts"}],"about":[{"href":"https:\/\/scurtpe2.ro\/index.php?rest_route=\/wp\/v2\/types\/post"}],"author":[{"embeddable":true,"href":"https:\/\/scurtpe2.ro\/index.php?rest_route=\/wp\/v2\/users\/4"}],"replies":[{"embeddable":true,"href":"https:\/\/scurtpe2.ro\/index.php?rest_route=%2Fwp%2Fv2%2Fcomments&post=24146"}],"version-history":[{"count":1,"href":"https:\/\/scurtpe2.ro\/index.php?rest_route=\/wp\/v2\/posts\/24146\/revisions"}],"predecessor-version":[{"id":24147,"href":"https:\/\/scurtpe2.ro\/index.php?rest_route=\/wp\/v2\/posts\/24146\/revisions\/24147"}],"wp:featuredmedia":[{"embeddable":true,"href":"https:\/\/scurtpe2.ro\/index.php?rest_route=\/wp\/v2\/media\/22019"}],"wp:attachment":[{"href":"https:\/\/scurtpe2.ro\/index.php?rest_route=%2Fwp%2Fv2%2Fmedia&parent=24146"}],"wp:term":[{"taxonomy":"category","embeddable":true,"href":"https:\/\/scurtpe2.ro\/index.php?rest_route=%2Fwp%2Fv2%2Fcategories&post=24146"},{"taxonomy":"post_tag","embeddable":true,"href":"https:\/\/scurtpe2.ro\/index.php?rest_route=%2Fwp%2Fv2%2Ftags&post=24146"}],"curies":[{"name":"wp","href":"https:\/\/api.w.org\/{rel}","templated":true}]}}