{"id":24134,"date":"2026-01-27T19:54:23","date_gmt":"2026-01-27T16:54:23","guid":{"rendered":"https:\/\/scurtpe2.ro\/?p=24134"},"modified":"2026-01-27T19:54:23","modified_gmt":"2026-01-27T16:54:23","slug":"parteneriat-pentru-sanatatea-buzoiana","status":"publish","type":"post","link":"https:\/\/scurtpe2.ro\/?p=24134","title":{"rendered":"PARTENERIAT PENTRU S\u0102N\u0102TATEA BUZOIAN\u0102"},"content":{"rendered":"<p>Pas important pentru realizarea proiectului care prevede un management comun al tuturor unit\u0103\u021bilor spitalice\u0219ti, din jude\u021bul Buz\u0103u. Managerul Spitalului Universitar de Urgen\u021b\u0103 Bucure\u0219ti, prof. dr. C\u0103t\u0103lin C\u00eerstoiu, s-a \u00eent\u00e2lnit, la Buz\u0103u, cu pre\u0219edintele Consiliului Jude\u021bean, Marcel Ciolacu, pentru a pune bazele unui parteneriat medical \u00eentre toate spitalele din jude\u021b \u0219i Spitalul Universitar din Capital\u0103. Medicul C\u0103t\u0103lin C\u00eerstoiu a precizat pe re\u021belele de socializare c\u0103 infrastructura medical\u0103 din Buz\u0103u va face un pas \u00eenainte prin acest parteneriat. La r\u00e2ndul s\u0103u, Marcel Ciolacu a anun\u021bat c\u0103 acest consor\u021biu medical va deveni func\u021bional \u00een urm\u0103toarele \u0219ase luni \u0219i va permite o mai bun\u0103 conectare \u00eentre spitalele din jude\u021bul Buz\u0103u. Al\u0103turi de cei doi oficiali, la discu\u021bii a participat \u0219i senatorul PSD Buz\u0103u, Carmen Orban, medic cu o experien\u021b\u0103 vast\u0103 \u00een managementul spitalicesc, dar \u0219i membru al Comisiei pentru S\u0103n\u0103tate din Senat.<\/p>\n","protected":false},"excerpt":{"rendered":"<p>Pas important pentru realizarea proiectului care prevede un management comun al tuturor unit\u0103\u021bilor spitalice\u0219ti, din jude\u021bul Buz\u0103u. Managerul Spitalului Universitar de Urgen\u021b\u0103 Bucure\u0219ti, prof. dr. C\u0103t\u0103lin C\u00eerstoiu, s-a \u00eent\u00e2lnit, la Buz\u0103u, cu pre\u0219edintele Consiliului Jude\u021bean, Marcel Ciolacu, pentru a pune bazele unui parteneriat medical \u00eentre toate spitalele din jude\u021b \u0219i Spitalul Universitar din Capital\u0103. Medicul C\u0103t\u0103lin C\u00eerstoiu a precizat pe re\u021belele de socializare c\u0103 infrastructura medical\u0103 din Buz\u0103u va face un pas \u00eenainte prin acest parteneriat. La r\u00e2ndul s\u0103u, Marcel Ciolacu a anun\u021bat c\u0103 acest consor\u021biu medical va deveni func\u021bional&hellip;<\/p>\n","protected":false},"author":4,"featured_media":24137,"comment_status":"closed","ping_status":"closed","sticky":false,"template":"","format":"standard","meta":{"footnotes":""},"categories":[168,8313],"tags":[8448,2505,5733,534,8447],"class_list":["post-24134","post","type-post","status-publish","format-standard","has-post-thumbnail","hentry","category-informatia-de-buzau","category-sanatate","tag-dr-catalin-carstoiu","tag-management","tag-parteneriat","tag-sanatate","tag-spital-universitar"],"gutentor_comment":0,"_links":{"self":[{"href":"https:\/\/scurtpe2.ro\/index.php?rest_route=\/wp\/v2\/posts\/24134","targetHints":{"allow":["GET"]}}],"collection":[{"href":"https:\/\/scurtpe2.ro\/index.php?rest_route=\/wp\/v2\/posts"}],"about":[{"href":"https:\/\/scurtpe2.ro\/index.php?rest_route=\/wp\/v2\/types\/post"}],"author":[{"embeddable":true,"href":"https:\/\/scurtpe2.ro\/index.php?rest_route=\/wp\/v2\/users\/4"}],"replies":[{"embeddable":true,"href":"https:\/\/scurtpe2.ro\/index.php?rest_route=%2Fwp%2Fv2%2Fcomments&post=24134"}],"version-history":[{"count":1,"href":"https:\/\/scurtpe2.ro\/index.php?rest_route=\/wp\/v2\/posts\/24134\/revisions"}],"predecessor-version":[{"id":24138,"href":"https:\/\/scurtpe2.ro\/index.php?rest_route=\/wp\/v2\/posts\/24134\/revisions\/24138"}],"wp:featuredmedia":[{"embeddable":true,"href":"https:\/\/scurtpe2.ro\/index.php?rest_route=\/wp\/v2\/media\/24137"}],"wp:attachment":[{"href":"https:\/\/scurtpe2.ro\/index.php?rest_route=%2Fwp%2Fv2%2Fmedia&parent=24134"}],"wp:term":[{"taxonomy":"category","embeddable":true,"href":"https:\/\/scurtpe2.ro\/index.php?rest_route=%2Fwp%2Fv2%2Fcategories&post=24134"},{"taxonomy":"post_tag","embeddable":true,"href":"https:\/\/scurtpe2.ro\/index.php?rest_route=%2Fwp%2Fv2%2Ftags&post=24134"}],"curies":[{"name":"wp","href":"https:\/\/api.w.org\/{rel}","templated":true}]}}