{"id":24124,"date":"2026-01-26T19:13:34","date_gmt":"2026-01-26T16:13:34","guid":{"rendered":"https:\/\/scurtpe2.ro\/?p=24124"},"modified":"2026-01-26T19:13:34","modified_gmt":"2026-01-26T16:13:34","slug":"de-ziua-unirii-principatelor-romane","status":"publish","type":"post","link":"https:\/\/scurtpe2.ro\/?p=24124","title":{"rendered":"DE ZIUA UNIRII PRINCIPATELOR ROM\u00c2NE"},"content":{"rendered":"<p>Unirea Principatelor Rom\u00e2ne, zi cu mare semnifica\u021bie istoric\u0103, a fost marcat\u0103, s\u00e2mb\u0103t\u0103, \u0219i \u00een municipiul R\u00e2mnicu S\u0103rat. Festivit\u0103\u021bile au \u00eenceput la Biserica ,,Adormirii Maicii Domnului\u201d, unde un sobor de preo\u021bi a oficiat o Slujb\u0103 de Mul\u021bumire lui Dumnezeu, Tedeum, la care a participat un num\u0103r important de credincio\u0219i. A urmat o \u0219edin\u021b\u0103 festiv\u0103 a Consiliului Local Municipal, \u00een Sala Mare de \u0218edin\u021be a Prim\u0103riei, unde s-a reunit un num\u0103r impresionant de participan\u021bi. Consilieri locali, reprezentan\u021bi ai institu\u021biilor publice locale \u0219i jude\u021bene, cet\u0103\u021beni de onoare, primari ai localit\u0103\u021bilor din Zona R\u00e2mnicului, reprezentan\u021bi ai mediului de afaceri, dar \u0219i r\u00e2mniceni care tr\u0103iesc \u00een alte ora\u0219e din \u021bar\u0103 \u0219i str\u0103in\u0103tate, cadre didactice \u0219i medici au fost prezen\u021bi la eveniment.<\/p>\n<p>\u00cen discursul s\u0103u, primarul municipiului R\u00e2mnicu S\u0103rat, Sorin C\u00eerjan, a subliniat c\u0103 tinerii au nevoie de modele, iar educa\u021bia r\u0103m\u00e2ne principalul instrument prin care comunitatea poate s\u0103 renasc\u0103.<\/p>\n<p>Prin ini\u021biativa civic\u0103 intitulat\u0103 ,,Ini\u021biativa 24 Ianuarie \u2013 Uni\u021bi, recl\u0103dim R\u00e2mnicul Mare\u201d, semnatarii doresc s\u0103 pun\u0103 bazele unei ac\u021biuni comune a tuturor localit\u0103\u021bilor din zon\u0103, prin care s\u0103 se realizeze o relansare economic\u0103, social\u0103 \u0219i spiritual\u0103 a R\u00e2mnicului. \u00cen cadrul reuniunii, to\u021bi primarii din Zona R\u00e2mnicului au primit diplome de recunoa\u0219tere a rolului lor \u00een ini\u021bierea \u0219i sus\u021binerea acestui proiect de dezvoltare local\u0103.<\/p>\n<p>\u00cen cadrul evenimentului au fost conferite \u0219i trei titluri de ,,cet\u0103\u021bean de onoare\u201d. Fostului director al Colegiului Na\u021bional Alexandru Vlahu\u021b\u0103, Radu Dinc\u0103, i-a fost acordat Titlul de ,,cet\u0103\u021bean de onoare\u201d post-mortem, pentru o via\u021b\u0103 didactic\u0103 dedicat\u0103 comunit\u0103\u021bii \u0219i elevilor r\u00e2mniceni. De asemenea, r\u00e2mnicenii Viorel Tudose \u0219i C\u0103t\u0103lin S\u0103ndulache au primit titlul de ,,cet\u0103\u021bean de onoare\u201d pentru sus\u021binerea financiar\u0103 oferit\u0103 unor proiecte ale comunit\u0103\u021bii din domenii sociale, educa\u021bie \u0219i cultur\u0103.<\/p>\n<p>De asemenea, pentru c\u0103 proiectul ce presupune revitalizarea unor domenii considerate vitale \u00een dezvoltarea unei localit\u0103\u021bi are nevoie de speciali\u0219ti, personalit\u0103\u021bi importante ale ora\u0219ului au primit titlul onorific de ,,Ambasador al R\u00e2mnicului S\u0103rat\u201d. Pentru Domeniul Educa\u021bie a fost acordat titlul Profesorului Universitar Doctor R\u0103zvan Dinc\u0103, Decan al Facult\u0103\u021bii de Drept din cadrul Universit\u0103\u021bii Bucure\u0219ti \u0219i Profesorului Universitar Doctor Cosmin Dobrin, din cadrul Academiei de Studii Economice Bucure\u0219ti. Pentru Domeniul Dezvoltare Durabil\u0103 au primit titlul onorific de ,,Ambasador al R\u00e2mnicului S\u0103rat\u201d, Profesorul Universitar Doctor Dan Costin Ni\u021bescu, Conferen\u021biarul Universitar Doctor Marcel Vulpoi \u0219i Doctor Economist Viorel Tudose. Pentru Domeniul Cultural \u2013 Identitar, titlul a revenit istoricului Marius Neculae, artistului Leontin P\u0103un \u0219i geografului Cezar Buterez. Cu prilejul Unirii Principatelor Rom\u00e2ne, Laura Diana Popescu, ambasadorul Rom\u00e2niei \u00een Regatul Unit al Marii Britanii \u0219i Irlandei de Nord a transmis un mesaj video comunit\u0103\u021bii locale.<\/p>\n","protected":false},"excerpt":{"rendered":"<p>Unirea Principatelor Rom\u00e2ne, zi cu mare semnifica\u021bie istoric\u0103, a fost marcat\u0103, s\u00e2mb\u0103t\u0103, \u0219i \u00een municipiul R\u00e2mnicu S\u0103rat. Festivit\u0103\u021bile au \u00eenceput la Biserica ,,Adormirii Maicii Domnului\u201d, unde un sobor de preo\u021bi a oficiat o Slujb\u0103 de Mul\u021bumire lui Dumnezeu, Tedeum, la care a participat un num\u0103r important de credincio\u0219i. A urmat o \u0219edin\u021b\u0103 festiv\u0103 a Consiliului Local Municipal, \u00een Sala Mare de \u0218edin\u021be a Prim\u0103riei, unde s-a reunit un num\u0103r impresionant de participan\u021bi. Consilieri locali, reprezentan\u021bi ai institu\u021biilor publice locale \u0219i jude\u021bene, cet\u0103\u021beni de onoare, primari ai localit\u0103\u021bilor din Zona R\u00e2mnicului,&hellip;<\/p>\n","protected":false},"author":4,"featured_media":24125,"comment_status":"closed","ping_status":"closed","sticky":false,"template":"","format":"standard","meta":{"footnotes":""},"categories":[165],"tags":[2511,3771,778,8445],"class_list":["post-24124","post","type-post","status-publish","format-standard","has-post-thumbnail","hentry","category-informatia-de-ramnic","tag-cetatean-de-onoare","tag-mica-unire","tag-ramniceni","tag-unirea-principatelor"],"gutentor_comment":0,"_links":{"self":[{"href":"https:\/\/scurtpe2.ro\/index.php?rest_route=\/wp\/v2\/posts\/24124","targetHints":{"allow":["GET"]}}],"collection":[{"href":"https:\/\/scurtpe2.ro\/index.php?rest_route=\/wp\/v2\/posts"}],"about":[{"href":"https:\/\/scurtpe2.ro\/index.php?rest_route=\/wp\/v2\/types\/post"}],"author":[{"embeddable":true,"href":"https:\/\/scurtpe2.ro\/index.php?rest_route=\/wp\/v2\/users\/4"}],"replies":[{"embeddable":true,"href":"https:\/\/scurtpe2.ro\/index.php?rest_route=%2Fwp%2Fv2%2Fcomments&post=24124"}],"version-history":[{"count":1,"href":"https:\/\/scurtpe2.ro\/index.php?rest_route=\/wp\/v2\/posts\/24124\/revisions"}],"predecessor-version":[{"id":24126,"href":"https:\/\/scurtpe2.ro\/index.php?rest_route=\/wp\/v2\/posts\/24124\/revisions\/24126"}],"wp:featuredmedia":[{"embeddable":true,"href":"https:\/\/scurtpe2.ro\/index.php?rest_route=\/wp\/v2\/media\/24125"}],"wp:attachment":[{"href":"https:\/\/scurtpe2.ro\/index.php?rest_route=%2Fwp%2Fv2%2Fmedia&parent=24124"}],"wp:term":[{"taxonomy":"category","embeddable":true,"href":"https:\/\/scurtpe2.ro\/index.php?rest_route=%2Fwp%2Fv2%2Fcategories&post=24124"},{"taxonomy":"post_tag","embeddable":true,"href":"https:\/\/scurtpe2.ro\/index.php?rest_route=%2Fwp%2Fv2%2Ftags&post=24124"}],"curies":[{"name":"wp","href":"https:\/\/api.w.org\/{rel}","templated":true}]}}