{"id":24098,"date":"2026-01-22T19:32:40","date_gmt":"2026-01-22T16:32:40","guid":{"rendered":"https:\/\/scurtpe2.ro\/?p=24098"},"modified":"2026-01-22T19:32:40","modified_gmt":"2026-01-22T16:32:40","slug":"au-fost-stranse-decoratiunile-de-iarna","status":"publish","type":"post","link":"https:\/\/scurtpe2.ro\/?p=24098","title":{"rendered":"AU FOST STR\u00c2NSE DECORA\u021aIUNILE DE IARN\u0102"},"content":{"rendered":"<p class=\"yiv8719978688ydp5037d669msonormal\" style=\"background: white;\"><span lang=\"EN-US\" style=\"font-size: 18.0pt; color: #1d2228;\">Dup\u0103 ce au bucurat ochii trec\u0103torilor pe perioada S\u0103rb\u0103torilor de iarn\u0103, ornamentele \u0219i decora\u021biunile luminoase din municipiul R\u00e2mnicu S\u0103rat au fost str\u00e2nse de pe str\u0103zi. Echipele Administra\u021biei Domeniului Public au fost mobilizate \u00een aceste zile pentru a aduna toate instala\u021biile luminoase, care au \u00eempodobit str\u0103zile \u0219i institu\u021biile locale.<\/span><\/p>\n<p class=\"yiv8719978688ydp5037d669msonormal\" style=\"background: white;\"><span lang=\"EN-US\" style=\"font-size: 18.0pt; color: #1d2228;\">Anul acesta, de \u00eempodobirea ora\u0219ului pentru S\u0103rb\u0103torile de iarn\u0103 s-au ocupat reprezentan\u021bii Administra\u021biei Domeniului Public. ADP R\u00e2mnicu S\u0103rat se afl\u0103 sub autoritatea Consiliului Local Municipal \u0219i func\u0163ioneaz\u0103 ca institu\u0163ie public\u0103 de interes local cu personalitate juridic\u0103.\u00a0<\/span><\/p>\n","protected":false},"excerpt":{"rendered":"<p>Dup\u0103 ce au bucurat ochii trec\u0103torilor pe perioada S\u0103rb\u0103torilor de iarn\u0103, ornamentele \u0219i decora\u021biunile luminoase din municipiul R\u00e2mnicu S\u0103rat au fost str\u00e2nse de pe str\u0103zi. Echipele Administra\u021biei Domeniului Public au fost mobilizate \u00een aceste zile pentru a aduna toate instala\u021biile luminoase, care au \u00eempodobit str\u0103zile \u0219i institu\u021biile locale. Anul acesta, de \u00eempodobirea ora\u0219ului pentru S\u0103rb\u0103torile de iarn\u0103 s-au ocupat reprezentan\u021bii Administra\u021biei Domeniului Public. ADP R\u00e2mnicu S\u0103rat se afl\u0103 sub autoritatea Consiliului Local Municipal \u0219i func\u0163ioneaz\u0103 ca institu\u0163ie public\u0103 de interes local cu personalitate juridic\u0103.\u00a0<\/p>\n","protected":false},"author":4,"featured_media":24099,"comment_status":"closed","ping_status":"closed","sticky":false,"template":"","format":"standard","meta":{"footnotes":""},"categories":[165],"tags":[980,3422,5035],"class_list":["post-24098","post","type-post","status-publish","format-standard","has-post-thumbnail","hentry","category-informatia-de-ramnic","tag-adp-rm-sarat","tag-decoratiuni","tag-sarbatori-de-iarna"],"gutentor_comment":0,"_links":{"self":[{"href":"https:\/\/scurtpe2.ro\/index.php?rest_route=\/wp\/v2\/posts\/24098","targetHints":{"allow":["GET"]}}],"collection":[{"href":"https:\/\/scurtpe2.ro\/index.php?rest_route=\/wp\/v2\/posts"}],"about":[{"href":"https:\/\/scurtpe2.ro\/index.php?rest_route=\/wp\/v2\/types\/post"}],"author":[{"embeddable":true,"href":"https:\/\/scurtpe2.ro\/index.php?rest_route=\/wp\/v2\/users\/4"}],"replies":[{"embeddable":true,"href":"https:\/\/scurtpe2.ro\/index.php?rest_route=%2Fwp%2Fv2%2Fcomments&post=24098"}],"version-history":[{"count":1,"href":"https:\/\/scurtpe2.ro\/index.php?rest_route=\/wp\/v2\/posts\/24098\/revisions"}],"predecessor-version":[{"id":24100,"href":"https:\/\/scurtpe2.ro\/index.php?rest_route=\/wp\/v2\/posts\/24098\/revisions\/24100"}],"wp:featuredmedia":[{"embeddable":true,"href":"https:\/\/scurtpe2.ro\/index.php?rest_route=\/wp\/v2\/media\/24099"}],"wp:attachment":[{"href":"https:\/\/scurtpe2.ro\/index.php?rest_route=%2Fwp%2Fv2%2Fmedia&parent=24098"}],"wp:term":[{"taxonomy":"category","embeddable":true,"href":"https:\/\/scurtpe2.ro\/index.php?rest_route=%2Fwp%2Fv2%2Fcategories&post=24098"},{"taxonomy":"post_tag","embeddable":true,"href":"https:\/\/scurtpe2.ro\/index.php?rest_route=%2Fwp%2Fv2%2Ftags&post=24098"}],"curies":[{"name":"wp","href":"https:\/\/api.w.org\/{rel}","templated":true}]}}