{"id":24096,"date":"2026-01-22T18:12:42","date_gmt":"2026-01-22T15:12:42","guid":{"rendered":"https:\/\/scurtpe2.ro\/?p=24096"},"modified":"2026-01-22T18:12:42","modified_gmt":"2026-01-22T15:12:42","slug":"dispozitie-privind-convocarea-in-sedinta-ordinara-a-lunii-ianuarie-2026-a-consiliului-local-al-municipiului-buzau","status":"publish","type":"post","link":"https:\/\/scurtpe2.ro\/?p=24096","title":{"rendered":"DISPOZI\u021aIE privind convocarea \u00een \u015fedin\u0163a ordinar\u0103 a lunii IANUARIE 2026 a Consiliului Local al Municipiului Buz\u0103u"},"content":{"rendered":"<p>Primarul Municipiului Buz\u0103u, jude\u0163ul Buz\u0103u:<\/p>\n<p>Av\u00e2nd \u00een vedere-prevederile art. 133, alin. (1), art. 134, alin. (1), lit. a), art. 139, alin. (5), lit. c), art. 196, alin. (1), lit. b) din Ordonan\u021ba de urgen\u021b\u0103 a Guvernului nr.57\/2019 privind Codul administrativ, cu modific\u0103rile \u0219i complet\u0103rile ulterioare,<\/p>\n<p><strong>DISPUNE:<\/strong><\/p>\n<p><strong>\u00a0<\/strong><\/p>\n<p><strong>\u00a0\u00a0\u00a0\u00a0\u00a0\u00a0 ART.1<\/strong>.- (1) Se convoac\u0103 Consiliul Local al Municipiului Buz\u0103u \u00een \u015fedin\u0163\u0103 ordinar\u0103, la data de <strong>28.01.2026, ora 10:00<\/strong>, \u015fedin\u0163\u0103 care va avea loc \u00een sediul Consiliului Local al Municipiului Buz\u0103u, situat \u00een Municipiul Buz\u0103u, Pia\u0163a Daciei, nr. 1, \u00een Palatul Comunal, etaj 1, sala Stan S\u0103raru (sala 24).<\/p>\n<p>(2) \u0218edin\u021ba prev\u0103zut\u0103 la alin. (1) se va desf\u0103\u0219ura at\u00e2t cu prezen\u021ba fizic\u0103 a consilierilor locali \u00een sala de \u0219edin\u021b\u0103, c\u00e2t \u0219i prin utilizarea de c\u0103tre consilierii locali a aplica\u021biei Zoom.<\/p>\n<p>&nbsp;<\/p>\n<p><strong><em>Proiectul ordinii de zi al \u015fedin\u0163ei este urm\u0103torul<\/em><\/strong>:<\/p>\n<p>&nbsp;<\/p>\n<ol>\n<li>Proiect de hot\u0103r\u00e2re nr. 262 din 12.12.2025 privind atestarea inventarului bunurilor care apar\u021bin domeniului public al Municipiului Buz\u0103u, jude\u021bul Buz\u0103u\u20131\/2026;<\/li>\n<\/ol>\n<p>&nbsp;<\/p>\n<ol start=\"2\">\n<li>Proiect de hot\u0103r\u00e2re nr. 263 din 15.12.2025 privind aprobarea dob\u00e2ndirii de c\u0103tre Municipiul Buz\u0103u a unui teren intravilan, categoria de folosin\u021b\u0103 arabil, situat \u00een Municipiul Buz\u0103u, Tarlaua 33, Parcela 473, teren ce face obiectul renun\u021b\u0103rii la dreptul de proprietate de c\u0103tre C.S.;<\/li>\n<\/ol>\n<p>&nbsp;<\/p>\n<ol start=\"3\">\n<li>Proiect de hot\u0103r\u00e2re nr. 1 din 05.01.2026 privind darea \u00een administrare c\u0103tre Centrul Cultural \u0219i Educa\u021bional \u201e<em>Alexandru Marghiloman<\/em>\u201d Buz\u0103u a unui imobil proprietate public\u0103 a Municipiului Buz\u0103u, situat \u00een Municipiul Buz\u0103u, Pia\u021ba Daciei;<\/li>\n<\/ol>\n<p>&nbsp;<\/p>\n<ol start=\"4\">\n<li>Proiect de hot\u0103r\u00e2re nr. 2 din 05.01.2026 privind aprobarea dob\u00e2ndirii de c\u0103tre Municipiul Buz\u0103u a dou\u0103 terenuri intravilane, categoria de folosin\u021b\u0103 arabil, situate \u00een Municipiul Buz\u0103u, Tarlaua 33, Parcela 478, terenuri ce fac obiectul renun\u021b\u0103rii la dreptul de proprietate de c\u0103tre S.C. MONTAN AQUA INDUSTRIES S.R.L.;<\/li>\n<\/ol>\n<p>&nbsp;<\/p>\n<ol start=\"5\">\n<li>Proiect de hot\u0103r\u00e2re nr. 3 din 12.01.2025 pentru aprobarea solicit\u0103rii de trecere a imobilului \u2013 teren cu num\u0103rul cadastral 76111 din domeniul public al Comunei \u021ainte\u0219ti \u00een domeniul public al Municipiului Buz\u0103u;<\/li>\n<\/ol>\n<p>&nbsp;<\/p>\n<ol start=\"6\">\n<li>Proiectul de hot\u0103r\u00e2re nr. 4 din 12.01.2026 privind constituirea unei Comisii speciale de verificare a modului de utilizare a fondurilor publice alocate Asocia\u021biei Sportive \u201dFotbal Club Buz\u0103u\u201d (ASFC Buz\u0103u);<\/li>\n<\/ol>\n<p>&nbsp;<\/p>\n<p>&nbsp;<\/p>\n<ol start=\"7\">\n<li>Proiect de hot\u0103r\u00e2re nr. 5 din 19.01.2026 privind alegerea unui viceprimar al Municipiului Buz\u0103u;<\/li>\n<\/ol>\n<p>&nbsp;<\/p>\n<ol start=\"8\">\n<li>Proiect de hot\u0103r\u00e2re nr. 6 din 19.01.2026 privind luarea unor decizii legate de Adunarea General\u0103 Ordinar\u0103 a Ac\u021bionarilor Societ\u0103\u021bii \u201cCompania de Ap\u0103 SA\u201d Buz\u0103u din data de 02.02.2026, ora 12.00, respectiv 03.02.2026, ora 12.00;<\/li>\n<\/ol>\n<p>&nbsp;<\/p>\n<ol start=\"9\">\n<li>Proiect de hot\u0103r\u00e2re nr. 7 din 19.01.2026 pentru aprobarea finan\u021b\u0103rii par\u021biale a activit\u0103\u021bii Asocia\u021biei \u201c<em>Spectrum Buz<\/em><em>\u0103u<\/em>\u201d \u020bn anul 2026;<\/li>\n<\/ol>\n<p>&nbsp;<\/p>\n<h1>10. Proiect de hot\u0103r\u00e2re nr. 8 din 19.01.2026 privind aprobarea utiliz\u0103rii excedentului anual al bugetului local rezultat la \u020bncheierea exerci\u021biului bugetar al anului 2025;<\/h1>\n<h1><\/h1>\n<ol start=\"11\">\n<li>Proiect de hot\u0103r\u00e2re nr. 10 din 20.01.2026 pentru aprobarea tipului de suport alimentar acordat elevilor \u0218colii Gimnaziale \u201dM. Kog\u0103lniceanu\u201d, Liceului Tehnologic Meserii \u0219i Servicii \u0219i \u0218colii Gimnaziale \u201eNicu Constantinescu\u201d din Municipiul Buz\u0103u, \u00een cadrul Programului Na\u021bional \u201cMas\u0103 S\u0103n\u0103toas\u0103\u201d, \u00een anul 2026;<\/li>\n<\/ol>\n<p>&nbsp;<\/p>\n<ol start=\"12\">\n<li>Proiect de hot\u0103r\u00e2re nr. 11 din 20.01.2026 privind mandatarea Societ\u0103\u021bii Comerciale &#8222;Pie\u0163e, T\u00eerguri \u015fi Oboare&#8221; S.A. Buz\u0103u pentru organizarea \u0219i func\u021bionarea &#8222;T\u00c2RGULUI DE M\u0102R\u021aI\u0218OR 2026&#8221;;<\/li>\n<\/ol>\n<p>&nbsp;<\/p>\n<ol start=\"13\">\n<li>Proiect de hot\u0103r\u00e2re nr. 12 din 21.01.2026 privind efectuarea cheltuielilor totale lunare \u00eencep\u00e2nd cu luna ianuarie 2026 \u00een limita a 1\/4 din totalul cheltuielilor aprobate \u00een anul 2025 de c\u0103tre Societatea RAM TERMO VERDE S.R.L p\u00e2n\u0103 la aprobarea Bugetului de Venituri \u0219i Cheltuieli al Societ\u0103\u021bii pe anul 2026 \u0219i aprobarea numirii auditorului financiar statutar;<\/li>\n<\/ol>\n<p>&nbsp;<\/p>\n<ol start=\"14\">\n<li>Proiect de hot\u0103r\u00e2re nr. 13 din 21.01.2026 privind luarea unor decizii legate de Adunarea General\u0103 Ordinar\u0103 a Ac\u021bionarilor Societ\u0103\u021bii Comerciale \u201cTRANS BUS\u201d S.A. Buz\u0103u referitor la numirea unui administrator provizoriu;<\/li>\n<\/ol>\n<p><strong>\u00a0<\/strong><\/p>\n<ol start=\"15\">\n<li>Proiect de hot\u0103r\u00e2re nr. 14 din 21.01.2026 pentru modificarea art. 3 din Hot\u0103r\u00e2rea Consiliului Local al Municipiului Buz\u0103u nr. 49 din 29.02.2024 privind aprobarea particip\u0103rii UAT Municipiul Buz\u0103u la Programul na\u021bional multianual privind finan\u021barea elabor\u0103rii \u0219i\/sau actualiz\u0103rii planurilor urbanistice generale ale localit\u0103\u021bilor \u0219i a regulamentelor locale de urbanism;<\/li>\n<\/ol>\n<p><strong>\u00a0<\/strong><\/p>\n<ol start=\"16\">\n<li>Proiect de hot\u0103r\u00e2re nr. 15 din 21.01.2026 privind actualizarea documenta\u021biei privind delegarea gestiunii serviciului de iluminat public din Municipiul Buz\u0103u;<\/li>\n<\/ol>\n<p>&nbsp;<\/p>\n<ol start=\"17\">\n<li>Proiect de hot\u0103r\u00e2re nr. 16 din 22.01.2026 privind repartizarea, \u00een vederea \u00eenchirierii, a unei locuin\u0163e din fondul locativ de stat aflat \u00een administrarea Consiliului Local al Municipiului Buz\u0103u, situat\u0103 \u00een str. Marghiloman nr. 24, jude\u021bul Buz\u0103u;<\/li>\n<\/ol>\n<p>&nbsp;<\/p>\n<ol start=\"18\">\n<li><em>Diverse<\/em>: spre \u0219tiin\u021b\u0103, adresa nr. 11 a Asocia\u021biei Militarilor Veterani \u0219i Veteranilor cu Dizabilit\u0103\u021bi \u201cSf\u00e2ntul Mare Mucenic Dimitrie \u2013 Izvor\u00e2torul de Mir\u201d, \u00eenregistrat\u0103 la Prim\u0103ria Municipiului Buz\u0103u la nr. 3479 din 14.01.2026, precum \u0219i r\u0103spunsul acordat la aceasta.<\/li>\n<\/ol>\n<p>&nbsp;<\/p>\n<p><strong>ART.2<\/strong>.- Proiectele de hot\u0103r\u00e2re prev\u0103zute la art. 1 vor fi puse la dispozi\u021bia consilierilor locali \u00een format electronic.<\/p>\n<p>Materialele prev\u0103zute la art. 1, precum \u0219i alte \u00eenscrisuri despre care se face vorbire \u00een cuprinsul proiectelor, pot fi studiate, \u00een format letric, de c\u0103tre consilierii locali, la cabinetul Secretarului General al Municipiului Buz\u0103u.<\/p>\n<p>&nbsp;<\/p>\n<p><strong>ART.3<\/strong>.- Proiectele de hot\u0103r\u00e2re de pe ordinea de zi au fost ini\u021biate de primarul Municipiului Buz\u0103u, domnul Constantin Toma, cu excep\u021bia proiectului de hot\u0103r\u00e2re de la pct. 6 de pe ordinea de zi, care a fost ini\u021biat de urm\u0103torii consilieri locali: Veronica Aliman, Corneliu Baldovin, Petric\u0103-Irinel C\u00eerstea, Constantin Ionescu, Florin Dr\u0103gulin, Aurelian-Mihai Mare\u0219-Fr\u00e2nculescu (\u00een func\u021bie la data semn\u0103rii actului de ini\u021biere al proiectului), Mirela Petre, Silviu-Lauren\u021biu Ro\u0219ioru, Lauren\u021biu St\u00eelpeanu.<\/p>\n<p>&nbsp;<\/p>\n<p><strong>ART.4<\/strong>.- \u00cen preambulul proiectelor de hot\u0103r\u00e2re prev\u0103zute la art. 1 au fost indicate Comisiile de specialitate la care acestea au fost trimise spre avizare.<\/p>\n<p><strong>\u00a0<\/strong><\/p>\n<p><strong>ART.5<\/strong>.- Proiectele de hot\u0103r\u00e2re se reg\u0103sesc pe pagina de internet a prim\u0103riei, <a href=\"http:\/\/www.primariabuzau.ro\">www.primariabuzau.ro<\/a>.<\/p>\n<p>&nbsp;<\/p>\n<p><strong>ART.6<\/strong>.- Secretarul General al Municipiului Buz\u0103u, prin intermediul Serviciului Rela\u0163ii cu Publicul, Organizare Alegeri, \u00cendrumarea Cet\u0103\u0163enilor \u015fi Secretariat, va asigura aducerea la cuno\u015ftin\u0163\u0103 public\u0103 a prevederilor prezentei dispozi\u0163ii.<\/p>\n<p>&nbsp;<\/p>\n<p>&nbsp;<\/p>\n<p>PRIMARUL MUNICIPIULUI BUZ\u0102U,<\/p>\n<p>Constantin Toma<\/p>\n<p>&nbsp;<\/p>\n","protected":false},"excerpt":{"rendered":"<p>Primarul Municipiului Buz\u0103u, jude\u0163ul Buz\u0103u: Av\u00e2nd \u00een vedere-prevederile art. 133, alin. (1), art. 134, alin. (1), lit. a), art. 139, alin. (5), lit. c), art. 196, alin. (1), lit. b) din Ordonan\u021ba de urgen\u021b\u0103 a Guvernului nr.57\/2019 privind Codul administrativ, cu modific\u0103rile \u0219i complet\u0103rile ulterioare, DISPUNE: \u00a0 \u00a0\u00a0\u00a0\u00a0\u00a0\u00a0 ART.1.- (1) Se convoac\u0103 Consiliul Local al Municipiului Buz\u0103u \u00een \u015fedin\u0163\u0103 ordinar\u0103, la data de 28.01.2026, ora 10:00, \u015fedin\u0163\u0103 care va avea loc \u00een sediul Consiliului Local al Municipiului Buz\u0103u, situat \u00een Municipiul Buz\u0103u, Pia\u0163a Daciei, nr. 1, \u00een Palatul Comunal, etaj&hellip;<\/p>\n","protected":false},"author":4,"featured_media":22121,"comment_status":"closed","ping_status":"closed","sticky":false,"template":"","format":"standard","meta":{"footnotes":""},"categories":[157],"tags":[],"class_list":["post-24096","post","type-post","status-publish","format-standard","has-post-thumbnail","hentry","category-comunicare-primaria-buzau"],"gutentor_comment":0,"_links":{"self":[{"href":"https:\/\/scurtpe2.ro\/index.php?rest_route=\/wp\/v2\/posts\/24096","targetHints":{"allow":["GET"]}}],"collection":[{"href":"https:\/\/scurtpe2.ro\/index.php?rest_route=\/wp\/v2\/posts"}],"about":[{"href":"https:\/\/scurtpe2.ro\/index.php?rest_route=\/wp\/v2\/types\/post"}],"author":[{"embeddable":true,"href":"https:\/\/scurtpe2.ro\/index.php?rest_route=\/wp\/v2\/users\/4"}],"replies":[{"embeddable":true,"href":"https:\/\/scurtpe2.ro\/index.php?rest_route=%2Fwp%2Fv2%2Fcomments&post=24096"}],"version-history":[{"count":1,"href":"https:\/\/scurtpe2.ro\/index.php?rest_route=\/wp\/v2\/posts\/24096\/revisions"}],"predecessor-version":[{"id":24097,"href":"https:\/\/scurtpe2.ro\/index.php?rest_route=\/wp\/v2\/posts\/24096\/revisions\/24097"}],"wp:featuredmedia":[{"embeddable":true,"href":"https:\/\/scurtpe2.ro\/index.php?rest_route=\/wp\/v2\/media\/22121"}],"wp:attachment":[{"href":"https:\/\/scurtpe2.ro\/index.php?rest_route=%2Fwp%2Fv2%2Fmedia&parent=24096"}],"wp:term":[{"taxonomy":"category","embeddable":true,"href":"https:\/\/scurtpe2.ro\/index.php?rest_route=%2Fwp%2Fv2%2Fcategories&post=24096"},{"taxonomy":"post_tag","embeddable":true,"href":"https:\/\/scurtpe2.ro\/index.php?rest_route=%2Fwp%2Fv2%2Ftags&post=24096"}],"curies":[{"name":"wp","href":"https:\/\/api.w.org\/{rel}","templated":true}]}}