{"id":23901,"date":"2025-12-16T17:29:17","date_gmt":"2025-12-16T14:29:17","guid":{"rendered":"https:\/\/scurtpe2.ro\/?p=23901"},"modified":"2025-12-16T17:29:17","modified_gmt":"2025-12-16T14:29:17","slug":"anunt-referitor-la-elaborarea-unui-proiect-de-act-normativ-24","status":"publish","type":"post","link":"https:\/\/scurtpe2.ro\/?p=23901","title":{"rendered":"ANUN\u0162 REFERITOR LA ELABORAREA UNUI PROIECT DE ACT NORMATIV"},"content":{"rendered":"<p class=\"s30\" style=\"text-align: center;\"><span class=\"s28\"><span class=\"bumpedFont15\">ANUN\u0162<\/span><\/span><\/p>\n<p class=\"s30\" style=\"text-align: center;\"><span class=\"s28\"><span class=\"bumpedFont15\">REF<\/span><\/span><span class=\"s28\"><span class=\"bumpedFont15\">ERITOR LA ELABORAREA UNUI PROIE<\/span><\/span><span class=\"s28\"><span class=\"bumpedFont15\">C<\/span><\/span><span class=\"s28\"><span class=\"bumpedFont15\">T<\/span><\/span><span class=\"s28\"><span class=\"bumpedFont15\"> DE ACT NORMATIV <\/span><\/span><\/p>\n<p class=\"s31\">\n<p class=\"s31\"><span class=\"s32\"><span class=\"bumpedFont15\">\u00cen temeiul prevederilor:<\/span><\/span><\/p>\n<div class=\"s35\"><span class=\"s33\">\u2713 <\/span><span class=\"s32\"><span class=\"bumpedFont15\">Legii<\/span><\/span><span class=\"s32\"><span class=\"bumpedFont15\"> nr. 52\/2003 privind transpar<\/span><\/span><span class=\"s32\"><span class=\"bumpedFont15\">en<\/span><\/span><span class=\"s34\"><span class=\"bumpedFont15\">\u021b<\/span><\/span><span class=\"s32\"><span class=\"bumpedFont15\">a decizional<\/span><\/span><span class=\"s32\"><span class=\"bumpedFont15\">\u0103<\/span><\/span> <span class=\"s32\"><span class=\"bumpedFont15\">\u00ee<\/span><\/span><span class=\"s32\"><span class=\"bumpedFont15\">n administra<\/span><\/span><span class=\"s34\"><span class=\"bumpedFont15\">\u021b<\/span><\/span><span class=\"s32\"><span class=\"bumpedFont15\">ia public\u0103, republicat\u0103, cu modific\u0103rile <\/span><\/span><span class=\"s34\"><span class=\"bumpedFont15\">\u0219<\/span><\/span><span class=\"s32\"><span class=\"bumpedFont15\">i complet<\/span><\/span><span class=\"s32\"><span class=\"bumpedFont15\">\u0103<\/span><\/span><span class=\"s32\"><span class=\"bumpedFont15\">rile ulterioare;<\/span><\/span><\/div>\n<div class=\"s35\"><span class=\"s33\">\u2713 <\/span><span class=\"s32\"><span class=\"bumpedFont15\">H.G. nr. 831\/2022<\/span><\/span> <span class=\"s36\"><span class=\"bumpedFont15\">pentru<\/span><\/span> <span class=\"s36\"><span class=\"bumpedFont15\">aprobarea<\/span><\/span> <span class=\"s36\"><span class=\"bumpedFont15\">Normelor<\/span><\/span><span class=\"s36\"><span class=\"bumpedFont15\">metodologice<\/span><\/span><span class=\"s36\"><span class=\"bumpedFont15\"> de <\/span><\/span><span class=\"s36\"><span class=\"bumpedFont15\">aplicare<\/span><\/span><span class=\"s36\"><span class=\"bumpedFont15\"> \u00a0a <\/span><\/span><span class=\"s36\"><span class=\"bumpedFont15\">Legii<\/span><\/span><span class=\"s36\"><span class=\"bumpedFont15\"> nr. 52\/2003 <\/span><\/span><span class=\"s36\"><span class=\"bumpedFont15\">privind<\/span><\/span><span class=\"s36\"><span class=\"bumpedFont15\">transparen\u0163a<\/span><\/span> <span class=\"s36\"><span class=\"bumpedFont15\">decizional\u0103<\/span><\/span><span class=\"s36\"><span class=\"bumpedFont15\"> \u00a0<\/span><\/span><span class=\"s36\"><span class=\"bumpedFont15\">\u00een<\/span><\/span> <span class=\"s36\"><span class=\"bumpedFont15\">administra\u0163ia<\/span><\/span> <span class=\"s36\"><span class=\"bumpedFont15\">public\u0103<\/span><\/span><span class=\"s36\"><span class=\"bumpedFont15\">;<\/span><\/span><\/div>\n<p class=\"s37\">\n<p class=\"s39\"><span class=\"s32\"><span class=\"bumpedFont15\">Ast\u0103zi, <\/span><\/span><span class=\"s32\"><span class=\"bumpedFont15\">data de <\/span><\/span><span class=\"s32\"><span class=\"bumpedFont15\">16.12<\/span><\/span><span class=\"s32\"><span class=\"bumpedFont15\">.2025<\/span><\/span><span class=\"s32\"><span class=\"bumpedFont15\">,<\/span><\/span><span class=\"s32\"><span class=\"bumpedFont15\"> Prim\u0103ria Municipiului R\u00e2mnicu S\u0103rat <\/span><\/span><span class=\"s32\"><span class=\"bumpedFont15\">anun\u0163\u0103<\/span><\/span> <span class=\"s32\"><span class=\"bumpedFont15\">deschiderea procedurii de transparen\u0163\u0103 decizional\u0103 a procesului de elaborare a proiectului <\/span><\/span><span class=\"s32\"><span class=\"bumpedFont15\">urm\u0103torului act normativ:<\/span><\/span> <span class=\"s38\"><span class=\"bumpedFont15\">PROIECT DE HOT\u0102R\u00c2RE <\/span><\/span><span class=\"s38\"><span class=\"bumpedFont15\">privind aprobarea Regulamentului pentru stabilirea condi\u0163iilor de exercitare a dreptului de acces pe proprietatea public\u0103 sau privat\u0103 a Municipiului R\u00e2mnicu S\u0103rat, \u00een vederea instal\u0103rii, \u00eentre\u0163inerii, \u00eenlocuirii, mut\u0103rii re\u0163elelor de comunica\u0163ii electronice sau a elementelor de infrastructur\u0103 necesare sus\u0163inerii acestora, modul de utilizare partajat\u0103 \u00a0a elementelor de infrastructur\u0103, precum \u015fi m\u0103surile privind construirea de re\u0163ele de comunica\u0163ii electronice<\/span><\/span><span class=\"s38\"><span class=\"bumpedFont15\">.<\/span><\/span><\/p>\n<p class=\"s39\"><span class=\"s40\"><span class=\"bumpedFont15\">Paragraf descriptiv<\/span><\/span><span class=\"s38\"><span class=\"bumpedFont15\">:<\/span><\/span><\/p>\n<p class=\"s39\"><span class=\"s32\"><span class=\"bumpedFont15\">Prin proiectul de hot\u0103r\u00e2re se propune spre aprobare<\/span><\/span><span class=\"s38\"><span class=\"bumpedFont15\">cadrul general <\/span><\/span><span class=\"s38\"><span class=\"bumpedFont15\">ce<\/span><\/span><span class=\"s38\"><span class=\"bumpedFont15\"> reglementeaza<\/span><\/span> <span class=\"s38\"><span class=\"bumpedFont15\">condi\u0163iile<\/span><\/span><span class=\"s38\"><span class=\"bumpedFont15\"> de exercitare a dreptului de acces pe proprietatea public\u0103 sau privat\u0103 a Municipiului R\u00e2mnicu S\u0103rat, \u00een vederea instal\u0103rii, \u00eentre\u0163inerii, \u00eenlocuirii, mut\u0103rii re\u0163elelor de comunica\u0163ii electronice sau a elementelor de infrastructur\u0103 necesare <\/span><\/span><span class=\"s38\"><span class=\"bumpedFont15\">sus\u0163inerii acestora, modul de utilizare partajat\u0103 \u00a0a elementelor de infrastructur\u0103, precum \u015fi m\u0103surile privind construirea de re\u0163ele de comunica\u0163ii electronice<\/span><\/span><span class=\"s38\"><span class=\"bumpedFont15\">.<\/span><\/span><\/p>\n<p class=\"s42\"><span class=\"s40\"><span class=\"bumpedFont15\">Documenta<\/span><\/span><span class=\"s41\"><span class=\"bumpedFont15\">\u021b<\/span><\/span><span class=\"s40\"><span class=\"bumpedFont15\">ia aferent<\/span><\/span><span class=\"s40\"><span class=\"bumpedFont15\">\u0103<\/span><\/span><span class=\"s40\"><span class=\"bumpedFont15\"> proiectului de act normativ include<\/span><\/span><span class=\"s38\"><span class=\"bumpedFont15\">:<\/span><\/span><\/p>\n<p class=\"s43\"><span class=\"s32\"><span class=\"bumpedFont15\">&#8211; <\/span><\/span><span class=\"s32\"><span class=\"bumpedFont15\">P<\/span><\/span><span class=\"s32\"><span class=\"bumpedFont15\">roiectul de hot\u0103r\u00e2re al Consiliului Local al Municipiului R\u00e2mnicu S\u0103rat;<\/span><\/span><\/p>\n<p class=\"s44\"><span class=\"s32\"><span class=\"bumpedFont15\">&#8211; R<\/span><\/span><span class=\"s32\"><span class=\"bumpedFont15\">eferat<\/span><\/span><span class=\"s32\"><span class=\"bumpedFont15\">ul<\/span><\/span><span class=\"s32\"><span class=\"bumpedFont15\"> de aprobare<\/span><\/span><span class=\"s32\"><span class=\"bumpedFont15\"> al Primarului Municipiului R\u00e2mnicu S\u0103rat<\/span><\/span><span class=\"s32\"><span class=\"bumpedFont15\"> &#8211;<\/span><\/span> <span class=\"s32\"><span class=\"bumpedFont15\">\u00eenregistrat sub <\/span><\/span><span class=\"s32\"><span class=\"bumpedFont15\">nr.<\/span><\/span> <span class=\"s32\"><span class=\"bumpedFont15\">72633\/12.12.2025<\/span><\/span><span class=\"s32\"><span class=\"bumpedFont15\">, <\/span><\/span><span class=\"s32\"><span class=\"bumpedFont15\">\u00eentocmit \u00een conformitate cu prevederile art. 136, alin. (8)<\/span><\/span><span class=\"s32\"><span class=\"bumpedFont15\">, lit. a)<\/span><\/span><span class=\"s32\"><span class=\"bumpedFont15\"> din O.U.G. nr. 57\/2019 privind Codul administrativ, cu modificarile <\/span><\/span><span class=\"s34\"><span class=\"bumpedFont15\">\u0219<\/span><\/span><span class=\"s32\"><span class=\"bumpedFont15\">i complet\u0103rile ulterioare;<\/span><\/span><\/p>\n<p class=\"s43\"><span class=\"s32\"><span class=\"bumpedFont15\">&#8211; R<\/span><\/span><span class=\"s32\"><span class=\"bumpedFont15\">aport<\/span><\/span><span class=\"s32\"><span class=\"bumpedFont15\">ul<\/span><\/span> <span class=\"s32\"><span class=\"bumpedFont15\">comun al structurii Arhitect Sef si al Compartimentului Contencios Administrativ si Juridic<\/span><\/span> <span class=\"s32\"><span class=\"bumpedFont15\">din cadrul aparatului de specialitate al Primarului Municipiului R\u00e2mnicu S\u0103rat<\/span><\/span><span class=\"s32\"><span class=\"bumpedFont15\">&#8211;<\/span><\/span><span class=\"s32\"><span class=\"bumpedFont15\">\u00eenregistrat sub<\/span><\/span> <span class=\"s32\"><span class=\"bumpedFont15\">nr. <\/span><\/span><span class=\"s32\"><span class=\"bumpedFont15\">73004\/15.12.2025<\/span><\/span><span class=\"s32\"><span class=\"bumpedFont15\">,<\/span><\/span><span class=\"s32\"><span class=\"bumpedFont15\"> \u00eentocmit \u00een conformitate cu prevederile art. 136, alin. (8), lit. b) din O.U.G. nr. 57\/2019 privind Codul administrativ, cu modificarile <\/span><\/span><span class=\"s34\"><span class=\"bumpedFont15\">\u0219<\/span><\/span><span class=\"s32\"><span class=\"bumpedFont15\">i complet\u0103rile ulterioare;<\/span><\/span><\/p>\n<p class=\"s43\"><span class=\"s32\"><span class=\"bumpedFont15\">&#8211; Nota de fundamentare<\/span><\/span> <span class=\"s32\"><span class=\"bumpedFont15\">a proiectului de hotarare &#8211; <\/span><\/span><span class=\"s32\"><span class=\"bumpedFont15\">\u00eenregistrat\u0103 sub<\/span><\/span><span class=\"s32\"><span class=\"bumpedFont15\"> nr. <\/span><\/span><span class=\"s32\"><span class=\"bumpedFont15\">72793\/12.12.2025<\/span><\/span><span class=\"s32\"><span class=\"bumpedFont15\">;<\/span><\/span><\/p>\n<p class=\"s43\"><span class=\"s40\"><span class=\"bumpedFont15\">Documenta\u0163ia poate fi consultat\u0103<\/span><\/span><span class=\"s32\"><span class=\"bumpedFont15\">:<\/span><\/span><\/p>\n<div class=\"s47\"><span class=\"s45\">\u2022 <\/span><span class=\"s32\"><span class=\"bumpedFont15\">pe pa<\/span><\/span><span class=\"s32\"><span class=\"bumpedFont15\">gina de internet a institu\u0163iei <\/span><\/span><span class=\"s46\"><span class=\"bumpedFont15\">primariermsarat<\/span><\/span><span class=\"s46\"><span class=\"bumpedFont15\">.ro<\/span><\/span><span class=\"s32\"><span class=\"bumpedFont15\">, la sectiunea <\/span><\/span><span class=\"s32\"><span class=\"bumpedFont15\">Transparen<\/span><\/span><span class=\"s34\"><span class=\"bumpedFont15\">\u021b<\/span><\/span><span class=\"s32\"><span class=\"bumpedFont15\">\u0103<\/span><\/span><span class=\"s32\"><span class=\"bumpedFont15\">\/<\/span><\/span><span class=\"s32\"><span class=\"bumpedFont15\">Legea 52\/2003 transparen<\/span><\/span><span class=\"s34\"><span class=\"bumpedFont15\">\u021b<\/span><\/span><span class=\"s32\"><span class=\"bumpedFont15\">a decizional<\/span><\/span><span class=\"s32\"><span class=\"bumpedFont15\">\u0103<\/span><\/span> <span class=\"s32\"><span class=\"bumpedFont15\">\u00ee<\/span><\/span><span class=\"s32\"><span class=\"bumpedFont15\">n administra<\/span><\/span><span class=\"s34\"><span class=\"bumpedFont15\">\u021b<\/span><\/span><span class=\"s32\"><span class=\"bumpedFont15\">ia public<\/span><\/span><span class=\"s32\"><span class=\"bumpedFont15\">\u0103<\/span><\/span><span class=\"s32\"><span class=\"bumpedFont15\">;<\/span><\/span><\/div>\n<p class=\"s48\"><span class=\"s32\"><span class=\"bumpedFont15\">link: http:\/\/primariermsarat.ro\/primarie_ramnicusarat\/node\/10390;<\/span><\/span><\/p>\n<div class=\"s47\"><span class=\"s45\">\u2022 <\/span><span class=\"s32\"><span class=\"bumpedFont15\">la sediul institu\u0163iei <\/span><\/span><span class=\"s32\"><span class=\"bumpedFont15\">Prim\u0103riei Municipiului R\u00e2mnicu S\u0103rat din strada Nicolae B\u0103lcescu nr. 1;<\/span><\/span><\/div>\n<p class=\"s43\"><span class=\"s32\"><span class=\"bumpedFont15\">P<\/span><\/span><span class=\"s32\"><span class=\"bumpedFont15\">roiectul de act normativ se poate ob\u0163ine<\/span><\/span><span class=\"s32\"><span class=\"bumpedFont15\">,<\/span><\/span><span class=\"s32\"><span class=\"bumpedFont15\"> \u00een copie,<\/span><\/span> <span class=\"s32\"><span class=\"bumpedFont15\">pe baz\u0103 de cerere<\/span><\/span><span class=\"s32\"><span class=\"bumpedFont15\"> scris\u0103<\/span><\/span><span class=\"s32\"><span class=\"bumpedFont15\"> depus\u0103 la <\/span><\/span><span class=\"s32\"><span class=\"bumpedFont15\">Compartiment<\/span><\/span><span class=\"s32\"><span class=\"bumpedFont15\">ul <\/span><\/span><span class=\"s32\"><span class=\"bumpedFont15\">Registratur\u0103 din cadrul Prim\u0103riei Municipiului R\u00e2mnicu S\u0103rat<\/span><\/span><span class=\"s32\"><span class=\"bumpedFont15\">, \u00een zilele<\/span><\/span><span class=\"s32\"><span class=\"bumpedFont15\"> de luni, marti, miercuri <\/span><\/span><span class=\"s34\"><span class=\"bumpedFont15\">\u0219<\/span><\/span><span class=\"s32\"><span class=\"bumpedFont15\">i joi <\/span><\/span><span class=\"s32\"><span class=\"bumpedFont15\">\u00ee<\/span><\/span><span class=\"s32\"><span class=\"bumpedFont15\">ntre orele: 08:00 <\/span><\/span><span class=\"s32\"><span class=\"bumpedFont15\">\u2013<\/span><\/span><span class=\"s32\"><span class=\"bumpedFont15\"> 16:30, <\/span><\/span><span class=\"s34\"><span class=\"bumpedFont15\">\u0219<\/span><\/span><span class=\"s32\"><span class=\"bumpedFont15\">i <\/span><\/span><span class=\"s32\"><span class=\"bumpedFont15\">\u00ee<\/span><\/span><span class=\"s32\"><span class=\"bumpedFont15\">n ziua de vineri, <\/span><\/span><span class=\"s32\"><span class=\"bumpedFont15\">\u00ee<\/span><\/span><span class=\"s32\"><span class=\"bumpedFont15\">ntre orele: 08:00 <\/span><\/span><span class=\"s32\"><span class=\"bumpedFont15\">\u2013<\/span><\/span><span class=\"s32\"><span class=\"bumpedFont15\"> 14:00.<\/span><\/span><\/p>\n<p class=\"s49\"><span class=\"s32\"><span class=\"bumpedFont15\">Propuneri, sugestii, opinii cu valoare de recomandare<\/span><\/span><span class=\"s32\"><span class=\"bumpedFont15\">pentru proiectul de act normativ supus procedurii de transparen<\/span><\/span><span class=\"s34\"><span class=\"bumpedFont15\">\u021b<\/span><\/span><span class=\"s32\"><span class=\"bumpedFont15\">\u0103<\/span><\/span><span class=\"s32\"><span class=\"bumpedFont15\"> decizional<\/span><\/span><span class=\"s32\"><span class=\"bumpedFont15\">\u0103<\/span><\/span><span class=\"s32\"><span class=\"bumpedFont15\"> se pot depune p<\/span><\/span><span class=\"s32\"><span class=\"bumpedFont15\">\u00e2<\/span><\/span><span class=\"s32\"><span class=\"bumpedFont15\">n<\/span><\/span><span class=\"s32\"><span class=\"bumpedFont15\">\u0103<\/span><\/span><span class=\"s32\"><span class=\"bumpedFont15\"> la data de <\/span><\/span><span class=\"s28\"><span class=\"bumpedFont15\">29.12<\/span><\/span><span class=\"s28\"><span class=\"bumpedFont15\">.2025<\/span><\/span><span class=\"s32\"><span class=\"bumpedFont15\">, astfel:<\/span><\/span><\/p>\n<div class=\"s47\"><span class=\"s34\">&#8211; <\/span><span class=\"s32\"><span class=\"bumpedFont15\">ca mesaj \u00een format electronic pe adresa de e-mail: <\/span><\/span><a href=\"mailto:primarie_rmsarat@primariermsarat.ro\"><span class=\"s50\"><span class=\"bumpedFont15\">primarie_rmsarat@primariermsarat.ro<\/span><\/span><\/a><span class=\"s32\"><span class=\"bumpedFont15\">;<\/span><\/span><\/div>\n<div class=\"s47\"><span class=\"s34\">&#8211; <\/span><span class=\"s32\"><span class=\"bumpedFont15\">prin po\u015ft\u0103, pe adresa: Prim\u0103ria Municipiului R\u00e2mnicu S\u0103rat, strada Nicolae B\u0103lcescu nr. 1, judetul Buz\u0103u, cod postal <\/span><\/span><span class=\"s32\"><span class=\"bumpedFont15\">125300;<\/span><\/span><\/div>\n<div class=\"s47\"><span class=\"s34\">&#8211; <\/span><span class=\"s32\"><span class=\"bumpedFont15\">la sediul institu\u0163iei<\/span><\/span><span class=\"s32\"><span class=\"bumpedFont15\"> &#8211; Prim\u0103ria Municipiului R\u00e2mnicu S\u0103rat, strada Nicolae B\u0103lcescu nr. 1, <\/span><\/span><span class=\"s32\"><span class=\"bumpedFont15\">Giseu <\/span><\/span><span class=\"s32\"><span class=\"bumpedFont15\">Informare <\/span><\/span><span class=\"s34\"><span class=\"bumpedFont15\">\u0219<\/span><\/span><span class=\"s32\"><span class=\"bumpedFont15\">i R<\/span><\/span><span class=\"s32\"><span class=\"bumpedFont15\">ela<\/span><\/span><span class=\"s34\"><span class=\"bumpedFont15\">\u021b<\/span><\/span><span class=\"s32\"><span class=\"bumpedFont15\">ii Publice &#8211; Compartiment <\/span><\/span><span class=\"s32\"><span class=\"bumpedFont15\">Registratur\u0103, <\/span><\/span><span class=\"s32\"><span class=\"bumpedFont15\">\u00een zilele de luni, marti, miercuri <\/span><\/span><span class=\"s34\"><span class=\"bumpedFont15\">\u0219<\/span><\/span><span class=\"s32\"><span class=\"bumpedFont15\">i joi <\/span><\/span><span class=\"s32\"><span class=\"bumpedFont15\">\u00ee<\/span><\/span><span class=\"s32\"><span class=\"bumpedFont15\">ntre orele: 08:00 <\/span><\/span><span class=\"s32\"><span class=\"bumpedFont15\">\u2013<\/span><\/span><span class=\"s32\"><span class=\"bumpedFont15\"> 16:30, <\/span><\/span><span class=\"s34\"><span class=\"bumpedFont15\">\u0219<\/span><\/span><span class=\"s32\"><span class=\"bumpedFont15\">i <\/span><\/span><span class=\"s32\"><span class=\"bumpedFont15\">\u00ee<\/span><\/span><span class=\"s32\"><span class=\"bumpedFont15\">n ziua de vineri, <\/span><\/span><span class=\"s32\"><span class=\"bumpedFont15\">\u00ee<\/span><\/span><span class=\"s32\"><span class=\"bumpedFont15\">ntre orele: 08:00 <\/span><\/span><span class=\"s32\"><span class=\"bumpedFont15\">\u2013<\/span><\/span><span class=\"s32\"><span class=\"bumpedFont15\"> 14:00.<\/span><\/span><\/div>\n<p class=\"s39\"><span class=\"s32\"><span class=\"bumpedFont15\">Materialele transmise vor purta men\u0163iunea<\/span><\/span><span class=\"s32\"><span class=\"bumpedFont15\">:<\/span><\/span><span class=\"s38\"><span class=\"bumpedFont15\">\u201ePropuneri <\/span><\/span><span class=\"s38\"><span class=\"bumpedFont15\">privind aprobarea Regulamentului pentru stabilirea condi\u0163iilor de exercitare a dreptului de acces pe proprietatea public\u0103 sau privat\u0103 a Municipiului R\u00e2mnicu S\u0103rat, \u00een vederea instal\u0103rii, \u00eentre\u0163inerii, \u00eenlocuirii, mut\u0103rii re\u0163elelor de comunica\u0163ii electronice sau a elementelor de infrastructur\u0103 necesare sus\u0163inerii acestora, modul de utilizare partajat\u0103 \u00a0a elementelor de infrastructur\u0103, precum \u015fi m\u0103surile privind construirea de re\u0163ele de comunica\u0163ii electronice<\/span><\/span><span class=\"s38\"><span class=\"bumpedFont15\">.\u201d<\/span><\/span><\/p>\n<p class=\"s31\"><span class=\"s32\"><span class=\"bumpedFont15\">Propunerile, sugestiile si<\/span><\/span><span class=\"s32\"><span class=\"bumpedFont15\"> opi<\/span><\/span><span class=\"s32\"><span class=\"bumpedFont15\">niile cu valoare de recomandare primite <\/span><\/span><span class=\"s32\"><span class=\"bumpedFont15\">vor fi publicate pe pagina de internet <\/span><\/span><span class=\"s32\"><span class=\"bumpedFont15\">a institu\u0163iei, la sectiunea Transparen<\/span><\/span><span class=\"s34\"><span class=\"bumpedFont15\">\u021b<\/span><\/span><span class=\"s32\"><span class=\"bumpedFont15\">\u0103<\/span><\/span><span class=\"s32\"><span class=\"bumpedFont15\">\/<\/span><\/span> <span class=\"s32\"><span class=\"bumpedFont15\">Legea<\/span><\/span><span class=\"s32\"><span class=\"bumpedFont15\"> nr.<\/span><\/span><span class=\"s32\"><span class=\"bumpedFont15\"> 52\/2003 transparen<\/span><\/span><span class=\"s34\"><span class=\"bumpedFont15\">\u021b<\/span><\/span><span class=\"s32\"><span class=\"bumpedFont15\">a decizional<\/span><\/span><span class=\"s32\"><span class=\"bumpedFont15\">\u0103<\/span><\/span> <span class=\"s32\"><span class=\"bumpedFont15\">\u00ee<\/span><\/span><span class=\"s32\"><span class=\"bumpedFont15\">n administra<\/span><\/span><span class=\"s34\"><span class=\"bumpedFont15\">\u021b<\/span><\/span><span class=\"s32\"><span class=\"bumpedFont15\">ia public<\/span><\/span><span class=\"s32\"><span class=\"bumpedFont15\">\u0103<\/span><\/span><span class=\"s32\"><span class=\"bumpedFont15\">.<\/span><\/span><\/p>\n<p class=\"s43\"><span class=\"s32\"><span class=\"bumpedFont15\">Nepreluarea recomand\u0103rilor formulate \u015fi \u00eenaintate \u00een scris va fi justificat\u0103 \u00een scris.<\/span><\/span><\/p>\n<p class=\"s43\"><span class=\"s32\"><span class=\"bumpedFont15\">Pentru cei interesa\u0163i exist\u0103 \u015fi posibilitatea organiz\u0103rii unei \u00eent\u00e2lniri \u00een care s\u0103 se dezbat\u0103 public proiectul de act normativ, \u00een cazul \u00een care acest lucru este cerut \u00een scris de c\u0103tre o asocia\u0163ie legal constituit\u0103 sau de c\u0103tre o alt\u0103 autoritate sau inst<\/span><\/span><span class=\"s32\"><span class=\"bumpedFont15\">itu\u0163ie public\u0103.<\/span><\/span><\/p>\n<p class=\"s42\"><span class=\"s38\"><span class=\"bumpedFont15\">Pentru informa\u0163ii suplimentare v\u0103 st\u0103m la d<\/span><\/span><span class=\"s38\"><span class=\"bumpedFont15\">ispozi\u0163ie<\/span><\/span><span class=\"s38\"><span class=\"bumpedFont15\"> cu urm\u0103toarele date de contact:<\/span><\/span><\/p>\n<p class=\"s37\"><span class=\"s32\"><span class=\"bumpedFont15\">&#8211; \u00a0<\/span><\/span><span class=\"s32\"><span class=\"bumpedFont15\">telefon:<\/span><\/span><span class=\"s32\"><span class=\"bumpedFont15\"> 0238<\/span><\/span><span class=\"s32\"><span class=\"bumpedFont15\">\/<\/span><\/span><span class=\"s32\"><span class=\"bumpedFont15\">561946<\/span><\/span><span class=\"s32\"><span class=\"bumpedFont15\">;<\/span><\/span><span class=\"s32\"><span class=\"bumpedFont15\"> fax 0238\/561947;<\/span><\/span><\/p>\n<p class=\"s37\"><span class=\"s32\"><span class=\"bumpedFont15\">&#8211; <\/span><\/span><span class=\"s32\"><span class=\"bumpedFont15\">adresa de <\/span><\/span><span class=\"s32\"><span class=\"bumpedFont15\">e-mail: <\/span><\/span><a href=\"mailto:primarie_rmsarat@primariermsarat.ro\"><span class=\"s46\"><span class=\"bumpedFont15\">primarie_rmsarat@primariermsarat.ro<\/span><\/span><\/a><span class=\"s32\"><span class=\"bumpedFont15\">;<\/span><\/span><\/p>\n<p class=\"s37\"><span class=\"s32\"><span class=\"bumpedFont15\">&#8211; p<\/span><\/span><span class=\"s32\"><span class=\"bumpedFont15\">ersoan\u0103 de contact &#8211;<\/span><\/span> <span class=\"s32\"><span class=\"bumpedFont15\">consilier juridic, Corbu Alina-Giorgiana &#8211; <\/span><\/span><span class=\"s32\"><span class=\"bumpedFont15\">p<\/span><\/span><span class=\"s32\"><span class=\"bumpedFont15\">ersoan\u0103 responsabil\u0103 de aplicarea Legii nr. 52\/2003 privind transparen\u0163a deciz<\/span><\/span><span class=\"s32\"><span class=\"bumpedFont15\">ional\u0103 \u00een administra\u0163ia public\u0103 la nivelul Prim\u0103<\/span><\/span><span class=\"s32\"><span class=\"bumpedFont15\">riei Municipiului R\u00e2mnicu S\u0103rat.<\/span><\/span><a name=\"_GoBack\"><\/a><\/p>\n<p class=\"s51\"><span class=\"s38\"><span class=\"bumpedFont15\">PRIMAR,<\/span><\/span><\/p>\n<p class=\"s51\"><span class=\"s38\"><span class=\"bumpedFont15\">C\u00ceRJAN SORIN-VALENTIN<\/span><\/span><\/p>\n<p class=\"s52\">\n<p class=\"s54\"><span class=\"s53\"><span class=\"bumpedFont17\">\u00a0 \u00a0 \u00a0 \u00a0 \u00a0 \u00a0 \u00a0 \u00a0 \u00a0 \u00a0 \u00a0 \u00a0 \u00a0 \u00a0 \u00a0 \u00a0 \u00a0 \u00a0 \u00a0 \u00a0 \u00a0 \u00a0 \u00a0 \u00a0 \u00a0 \u00a0 <\/span><\/span><span class=\"s53\"><span class=\"bumpedFont17\">\u00centocmit,<\/span><\/span><\/p>\n<p class=\"s55\"><span class=\"s53\"><span class=\"bumpedFont17\">CONSILIER JURIDIC, CORBU ALINA-GIORGIANA, <\/span><\/span><\/p>\n<p class=\"s55\"><span class=\"s53\"><span class=\"bumpedFont17\">p<\/span><\/span><span class=\"s53\"><span class=\"bumpedFont17\">ersoan\u0103 responsabil\u0103 de aplicarea Legii nr. 52\/2003 privind transparen\u0163a decizional\u0103 \u00een administra\u0163ia public\u0103<\/span><\/span><\/p>\n","protected":false},"excerpt":{"rendered":"<p>ANUN\u0162 REFERITOR LA ELABORAREA UNUI PROIECT DE ACT NORMATIV \u00cen temeiul prevederilor: \u2713 Legii nr. 52\/2003 privind transparen\u021ba decizional\u0103 \u00een administra\u021bia public\u0103, republicat\u0103, cu modific\u0103rile \u0219i complet\u0103rile ulterioare; \u2713 H.G. nr. 831\/2022 pentru aprobarea Normelormetodologice de aplicare \u00a0a Legii nr. 52\/2003 privindtransparen\u0163a decizional\u0103 \u00a0\u00een administra\u0163ia public\u0103; Ast\u0103zi, data de 16.12.2025, Prim\u0103ria Municipiului R\u00e2mnicu S\u0103rat anun\u0163\u0103 deschiderea procedurii de transparen\u0163\u0103 decizional\u0103 a procesului de elaborare a proiectului urm\u0103torului act normativ: PROIECT DE HOT\u0102R\u00c2RE privind aprobarea Regulamentului pentru stabilirea condi\u0163iilor de exercitare a dreptului de acces pe proprietatea public\u0103 sau privat\u0103 a&hellip;<\/p>\n","protected":false},"author":2,"featured_media":23508,"comment_status":"closed","ping_status":"closed","sticky":false,"template":"","format":"standard","meta":{"footnotes":""},"categories":[156],"tags":[],"class_list":["post-23901","post","type-post","status-publish","format-standard","has-post-thumbnail","hentry","category-informare-primaria-rm-sarat"],"gutentor_comment":0,"_links":{"self":[{"href":"https:\/\/scurtpe2.ro\/index.php?rest_route=\/wp\/v2\/posts\/23901","targetHints":{"allow":["GET"]}}],"collection":[{"href":"https:\/\/scurtpe2.ro\/index.php?rest_route=\/wp\/v2\/posts"}],"about":[{"href":"https:\/\/scurtpe2.ro\/index.php?rest_route=\/wp\/v2\/types\/post"}],"author":[{"embeddable":true,"href":"https:\/\/scurtpe2.ro\/index.php?rest_route=\/wp\/v2\/users\/2"}],"replies":[{"embeddable":true,"href":"https:\/\/scurtpe2.ro\/index.php?rest_route=%2Fwp%2Fv2%2Fcomments&post=23901"}],"version-history":[{"count":1,"href":"https:\/\/scurtpe2.ro\/index.php?rest_route=\/wp\/v2\/posts\/23901\/revisions"}],"predecessor-version":[{"id":23902,"href":"https:\/\/scurtpe2.ro\/index.php?rest_route=\/wp\/v2\/posts\/23901\/revisions\/23902"}],"wp:featuredmedia":[{"embeddable":true,"href":"https:\/\/scurtpe2.ro\/index.php?rest_route=\/wp\/v2\/media\/23508"}],"wp:attachment":[{"href":"https:\/\/scurtpe2.ro\/index.php?rest_route=%2Fwp%2Fv2%2Fmedia&parent=23901"}],"wp:term":[{"taxonomy":"category","embeddable":true,"href":"https:\/\/scurtpe2.ro\/index.php?rest_route=%2Fwp%2Fv2%2Fcategories&post=23901"},{"taxonomy":"post_tag","embeddable":true,"href":"https:\/\/scurtpe2.ro\/index.php?rest_route=%2Fwp%2Fv2%2Ftags&post=23901"}],"curies":[{"name":"wp","href":"https:\/\/api.w.org\/{rel}","templated":true}]}}