{"id":23891,"date":"2025-12-15T18:39:07","date_gmt":"2025-12-15T15:39:07","guid":{"rendered":"https:\/\/scurtpe2.ro\/?p=23891"},"modified":"2025-12-15T18:39:07","modified_gmt":"2025-12-15T15:39:07","slug":"bucuria-colindelor","status":"publish","type":"post","link":"https:\/\/scurtpe2.ro\/?p=23891","title":{"rendered":"BUCURIA COLINDELOR"},"content":{"rendered":"<p>Eveniment emo\u021bionant, la Rm. S\u0103rat, \u00een pragul s\u0103rb\u0103torilor de iarn\u0103. \u0218coala de dans popular Edu a adus, pe scena Casei de Cultur\u0103 Florica Cristoforeanu, tradi\u021bia Cr\u0103ciunului de alt\u0103 dat\u0103 din satele rom\u00e2ne\u0219ti, printr-un fermec\u0103tor spectacol de colinde.<\/p>\n<p>Vocile puternice \u0219i armoniile calde ale ansamblului au\u00a0 transformat scena\u00a0 \u00eentr-un spa\u021biu al bucuriei \u0219i al atmosferei festive. Pe l\u00e2ng\u0103 interpret\u0103rile corale au fost \u0219i\u00a0 momente speciale sus\u021binute de elevii \u0219colilor din jude\u021b, care au adus serii un plus de diversitate \u0219i sensibilitate.<\/p>\n<p>Evenimentul \u201eCr\u0103ciunul de-alt\u0103dat\u0103 !\u201d a fost o \u00eent\u00e2lnire emo\u021bionant\u0103 cu tradi\u021bia, credin\u021ba \u0219i spiritul s\u0103rb\u0103torilor de iarn\u0103, oferind publicului ocazia de a se reconecta cu frumuse\u021bea colindelor \u0219i de a petrece momente speciale, pline de emo\u021bie.<\/p>\n<p>Organizatorii s-au declarat \u00eenc\u00e2nta\u021bi de faptul c\u0103 spectatorii s-au putut bucura de magia muzicii \u0219i de atmosfera cald\u0103 a s\u0103rb\u0103torilor de iarn\u0103.<\/p>\n","protected":false},"excerpt":{"rendered":"<p>Eveniment emo\u021bionant, la Rm. S\u0103rat, \u00een pragul s\u0103rb\u0103torilor de iarn\u0103. \u0218coala de dans popular Edu a adus, pe scena Casei de Cultur\u0103 Florica Cristoforeanu, tradi\u021bia Cr\u0103ciunului de alt\u0103 dat\u0103 din satele rom\u00e2ne\u0219ti, printr-un fermec\u0103tor spectacol de colinde. Vocile puternice \u0219i armoniile calde ale ansamblului au\u00a0 transformat scena\u00a0 \u00eentr-un spa\u021biu al bucuriei \u0219i al atmosferei festive. Pe l\u00e2ng\u0103 interpret\u0103rile corale au fost \u0219i\u00a0 momente speciale sus\u021binute de elevii \u0219colilor din jude\u021b, care au adus serii un plus de diversitate \u0219i sensibilitate. Evenimentul \u201eCr\u0103ciunul de-alt\u0103dat\u0103 !\u201d a fost o \u00eent\u00e2lnire emo\u021bionant\u0103 cu&hellip;<\/p>\n","protected":false},"author":4,"featured_media":23892,"comment_status":"closed","ping_status":"closed","sticky":false,"template":"","format":"standard","meta":{"footnotes":""},"categories":[165],"tags":[5745,5068,3517,2580],"class_list":["post-23891","post","type-post","status-publish","format-standard","has-post-thumbnail","hentry","category-informatia-de-ramnic","tag-centrul-cultural","tag-colinde","tag-craciun","tag-muzica"],"gutentor_comment":0,"_links":{"self":[{"href":"https:\/\/scurtpe2.ro\/index.php?rest_route=\/wp\/v2\/posts\/23891","targetHints":{"allow":["GET"]}}],"collection":[{"href":"https:\/\/scurtpe2.ro\/index.php?rest_route=\/wp\/v2\/posts"}],"about":[{"href":"https:\/\/scurtpe2.ro\/index.php?rest_route=\/wp\/v2\/types\/post"}],"author":[{"embeddable":true,"href":"https:\/\/scurtpe2.ro\/index.php?rest_route=\/wp\/v2\/users\/4"}],"replies":[{"embeddable":true,"href":"https:\/\/scurtpe2.ro\/index.php?rest_route=%2Fwp%2Fv2%2Fcomments&post=23891"}],"version-history":[{"count":1,"href":"https:\/\/scurtpe2.ro\/index.php?rest_route=\/wp\/v2\/posts\/23891\/revisions"}],"predecessor-version":[{"id":23893,"href":"https:\/\/scurtpe2.ro\/index.php?rest_route=\/wp\/v2\/posts\/23891\/revisions\/23893"}],"wp:featuredmedia":[{"embeddable":true,"href":"https:\/\/scurtpe2.ro\/index.php?rest_route=\/wp\/v2\/media\/23892"}],"wp:attachment":[{"href":"https:\/\/scurtpe2.ro\/index.php?rest_route=%2Fwp%2Fv2%2Fmedia&parent=23891"}],"wp:term":[{"taxonomy":"category","embeddable":true,"href":"https:\/\/scurtpe2.ro\/index.php?rest_route=%2Fwp%2Fv2%2Fcategories&post=23891"},{"taxonomy":"post_tag","embeddable":true,"href":"https:\/\/scurtpe2.ro\/index.php?rest_route=%2Fwp%2Fv2%2Ftags&post=23891"}],"curies":[{"name":"wp","href":"https:\/\/api.w.org\/{rel}","templated":true}]}}