{"id":23889,"date":"2025-12-15T18:35:58","date_gmt":"2025-12-15T15:35:58","guid":{"rendered":"https:\/\/scurtpe2.ro\/?p=23889"},"modified":"2025-12-15T18:35:58","modified_gmt":"2025-12-15T15:35:58","slug":"luna-portilor-deschise","status":"publish","type":"post","link":"https:\/\/scurtpe2.ro\/?p=23889","title":{"rendered":"LUNA POR\u021aILOR DESCHISE"},"content":{"rendered":"<p>Decembrie este Luna por\u021bilor deschise la Centrul Europe Direct din R\u00e2mnicu S\u0103rat. Centrul \u0219i Prim\u0103ria Municipiului \u00eei invit\u0103 pe r\u00e2mniceni s\u0103 ia contact cu activit\u0103\u021bile, misiunea \u0219i rezultatele ob\u021binute de-a lungul anilor.<\/p>\n<p>Perioada 2021-2025 a fost una plin\u0103 de activit\u0103\u021bi pentru Centrul Europe Direct.<\/p>\n<p>Centrul Europe Direct func\u021bioneaz\u0103 \u00een incinta Prim\u0103riei R\u00e2mnicu S\u0103rat \u0219i colaboreaz\u0103 cu toate institutiile publice locale, dar \u0219i cu unit\u0103\u021bile de \u00eenv\u0103\u021b\u00e2m\u00e2nt din municipiu.<\/p>\n","protected":false},"excerpt":{"rendered":"<p>Decembrie este Luna por\u021bilor deschise la Centrul Europe Direct din R\u00e2mnicu S\u0103rat. Centrul \u0219i Prim\u0103ria Municipiului \u00eei invit\u0103 pe r\u00e2mniceni s\u0103 ia contact cu activit\u0103\u021bile, misiunea \u0219i rezultatele ob\u021binute de-a lungul anilor. Perioada 2021-2025 a fost una plin\u0103 de activit\u0103\u021bi pentru Centrul Europe Direct. Centrul Europe Direct func\u021bioneaz\u0103 \u00een incinta Prim\u0103riei R\u00e2mnicu S\u0103rat \u0219i colaboreaz\u0103 cu toate institutiile publice locale, dar \u0219i cu unit\u0103\u021bile de \u00eenv\u0103\u021b\u00e2m\u00e2nt din municipiu.<\/p>\n","protected":false},"author":4,"featured_media":15501,"comment_status":"closed","ping_status":"closed","sticky":false,"template":"","format":"standard","meta":{"footnotes":""},"categories":[165],"tags":[5328,4819,771],"class_list":["post-23889","post","type-post","status-publish","format-standard","has-post-thumbnail","hentry","category-informatia-de-ramnic","tag-activitate","tag-europe-direct","tag-primaria-rm-sarat"],"gutentor_comment":0,"_links":{"self":[{"href":"https:\/\/scurtpe2.ro\/index.php?rest_route=\/wp\/v2\/posts\/23889","targetHints":{"allow":["GET"]}}],"collection":[{"href":"https:\/\/scurtpe2.ro\/index.php?rest_route=\/wp\/v2\/posts"}],"about":[{"href":"https:\/\/scurtpe2.ro\/index.php?rest_route=\/wp\/v2\/types\/post"}],"author":[{"embeddable":true,"href":"https:\/\/scurtpe2.ro\/index.php?rest_route=\/wp\/v2\/users\/4"}],"replies":[{"embeddable":true,"href":"https:\/\/scurtpe2.ro\/index.php?rest_route=%2Fwp%2Fv2%2Fcomments&post=23889"}],"version-history":[{"count":1,"href":"https:\/\/scurtpe2.ro\/index.php?rest_route=\/wp\/v2\/posts\/23889\/revisions"}],"predecessor-version":[{"id":23890,"href":"https:\/\/scurtpe2.ro\/index.php?rest_route=\/wp\/v2\/posts\/23889\/revisions\/23890"}],"wp:featuredmedia":[{"embeddable":true,"href":"https:\/\/scurtpe2.ro\/index.php?rest_route=\/wp\/v2\/media\/15501"}],"wp:attachment":[{"href":"https:\/\/scurtpe2.ro\/index.php?rest_route=%2Fwp%2Fv2%2Fmedia&parent=23889"}],"wp:term":[{"taxonomy":"category","embeddable":true,"href":"https:\/\/scurtpe2.ro\/index.php?rest_route=%2Fwp%2Fv2%2Fcategories&post=23889"},{"taxonomy":"post_tag","embeddable":true,"href":"https:\/\/scurtpe2.ro\/index.php?rest_route=%2Fwp%2Fv2%2Ftags&post=23889"}],"curies":[{"name":"wp","href":"https:\/\/api.w.org\/{rel}","templated":true}]}}