{"id":23881,"date":"2025-12-12T19:39:05","date_gmt":"2025-12-12T16:39:05","guid":{"rendered":"https:\/\/scurtpe2.ro\/?p=23881"},"modified":"2025-12-12T19:39:05","modified_gmt":"2025-12-12T16:39:05","slug":"performante-remarcabile-pentru-karatistii-ramniceni","status":"publish","type":"post","link":"https:\/\/scurtpe2.ro\/?p=23881","title":{"rendered":"PERFORMAN\u021aE REMARCABILE PENTRU KARATI\u0218TII R\u00c2MNICENI"},"content":{"rendered":"<p>Performan\u021be remarcabile pentru tinerii karateka de la CSM Rm. S\u0103rat la Openul Rom\u00e2niei, competi\u021bie care reprezint\u0103 criteriul principal de selec\u021bie pentru lotul na\u021bional ce va participa anul viitor la \u00eentrecerile interna\u021bionale. Clubul buzoian a intrat \u00een concurs cu patru sportivi, iar rezultatele ob\u021binute confirm\u0103 nivelul ridicat al preg\u0103tirii.<\/p>\n<p>Cea mai important\u0103 clasare a ob\u021binut-o Nicolas Valentin Str\u00eembei, care a cucerit medalia de aur la proba de kata, categoria copii sub 12 ani. \u0218i Ioana-Valentina Gheorghi\u021b\u0103 a urcat pe podium, \u00een proba de kumite, categoria copii sub 14 ani. Ea a reu\u0219it s\u0103 ob\u021bin\u0103 medalia de bronz dup\u0103 un parcurs solid, apreciat de antrenori.<\/p>\n<p>De asemenea, George Octavian R\u0103ileanu s-a clasat pe locul 5 \u00een proba de kumite pentru copii sub 16 ani, \u00een timp ce Nikolas Dinc\u0103 a \u00eencheiat proba de kumite, copii sub 14 ani, pe locul 7.<\/p>\n<p>Aceste rezultate nu sunt doar o confirmare a talentului \u0219i muncii tinerilor karati\u0219ti din Rm. S\u0103rat, ci \u0219i un pas important c\u0103tre convoc\u0103rile pentru loturile na\u021bionale.<\/p>\n","protected":false},"excerpt":{"rendered":"<p>Performan\u021be remarcabile pentru tinerii karateka de la CSM Rm. S\u0103rat la Openul Rom\u00e2niei, competi\u021bie care reprezint\u0103 criteriul principal de selec\u021bie pentru lotul na\u021bional ce va participa anul viitor la \u00eentrecerile interna\u021bionale. Clubul buzoian a intrat \u00een concurs cu patru sportivi, iar rezultatele ob\u021binute confirm\u0103 nivelul ridicat al preg\u0103tirii. Cea mai important\u0103 clasare a ob\u021binut-o Nicolas Valentin Str\u00eembei, care a cucerit medalia de aur la proba de kata, categoria copii sub 12 ani. \u0218i Ioana-Valentina Gheorghi\u021b\u0103 a urcat pe podium, \u00een proba de kumite, categoria copii sub 14 ani. Ea a&hellip;<\/p>\n","protected":false},"author":4,"featured_media":23882,"comment_status":"closed","ping_status":"closed","sticky":false,"template":"","format":"standard","meta":{"footnotes":""},"categories":[165,160],"tags":[2467,5917,2633,3895],"class_list":["post-23881","post","type-post","status-publish","format-standard","has-post-thumbnail","hentry","category-informatia-de-ramnic","category-sport","tag-csm-rm-sarat","tag-karate","tag-medalii","tag-podium"],"gutentor_comment":0,"_links":{"self":[{"href":"https:\/\/scurtpe2.ro\/index.php?rest_route=\/wp\/v2\/posts\/23881","targetHints":{"allow":["GET"]}}],"collection":[{"href":"https:\/\/scurtpe2.ro\/index.php?rest_route=\/wp\/v2\/posts"}],"about":[{"href":"https:\/\/scurtpe2.ro\/index.php?rest_route=\/wp\/v2\/types\/post"}],"author":[{"embeddable":true,"href":"https:\/\/scurtpe2.ro\/index.php?rest_route=\/wp\/v2\/users\/4"}],"replies":[{"embeddable":true,"href":"https:\/\/scurtpe2.ro\/index.php?rest_route=%2Fwp%2Fv2%2Fcomments&post=23881"}],"version-history":[{"count":1,"href":"https:\/\/scurtpe2.ro\/index.php?rest_route=\/wp\/v2\/posts\/23881\/revisions"}],"predecessor-version":[{"id":23883,"href":"https:\/\/scurtpe2.ro\/index.php?rest_route=\/wp\/v2\/posts\/23881\/revisions\/23883"}],"wp:featuredmedia":[{"embeddable":true,"href":"https:\/\/scurtpe2.ro\/index.php?rest_route=\/wp\/v2\/media\/23882"}],"wp:attachment":[{"href":"https:\/\/scurtpe2.ro\/index.php?rest_route=%2Fwp%2Fv2%2Fmedia&parent=23881"}],"wp:term":[{"taxonomy":"category","embeddable":true,"href":"https:\/\/scurtpe2.ro\/index.php?rest_route=%2Fwp%2Fv2%2Fcategories&post=23881"},{"taxonomy":"post_tag","embeddable":true,"href":"https:\/\/scurtpe2.ro\/index.php?rest_route=%2Fwp%2Fv2%2Ftags&post=23881"}],"curies":[{"name":"wp","href":"https:\/\/api.w.org\/{rel}","templated":true}]}}