{"id":23877,"date":"2025-12-12T19:33:41","date_gmt":"2025-12-12T16:33:41","guid":{"rendered":"https:\/\/scurtpe2.ro\/?p=23877"},"modified":"2025-12-12T19:33:41","modified_gmt":"2025-12-12T16:33:41","slug":"activitati-inainte-de-sarbatori","status":"publish","type":"post","link":"https:\/\/scurtpe2.ro\/?p=23877","title":{"rendered":"ACTIVIT\u0102\u021aI \u00ceNAINTE DE S\u0102RB\u0102TORI"},"content":{"rendered":"<p>\u0218coala Gimnazial\u0103 \u201dVasile Cristoforeanu\u201d din R\u00e2mnicu S\u0103rat organizeaz\u0103, \u0219i \u00een acest an, concursul ,,Cupa &#8222;Vasile Cristoforeanu&#8221; la \u0218ah. Competi\u021bia a devenit deja o tradi\u021bie pentru unitatea de \u00eenv\u0103\u021b\u0103m\u00e2nt \u0219i se afl\u0103 la cea de-a treia edi\u021bie. Prima etap\u0103 a competi\u021biei din acest an va avea loc miercuri, 17 decembrie.<\/p>\n<p>Tot s\u0103pt\u0103m\u00e2na viitoare, elevii \u0218colii Gimnaziale \u201dVasile Cristoforeanu\u201d vor fi implica\u021bi \u0219i \u00een diverse activit\u0103\u021bi \u00een cadrul programului \u201d\u0218coala Altfel\u201d. Copiii vor participa la momente festive dedicate s\u0103rb\u0103torilor de Cr\u0103ciun, la ac\u021biuni umanitare \u0219i vor face vizite la obiectivele istorice din ora\u0219.<\/p>\n<p>Recent, cu ocazia \u201dS\u0103pt\u0103m\u00e2nii fructelor \u0219i legumelor\u201d, ac\u021biune realizat\u0103 \u00een cadrul Strategiei Na\u021bionale de Ac\u021biune Comunitar\u0103, elevii au f\u0103cut dona\u021bii unui Centru de b\u0103tr\u00e2ni din zona R\u00e2mnicului.<\/p>\n<p>De asemenea, cadrele didactice continu\u0103 preg\u0103tirea elevilor \u00een vederea sus\u021binerii Evalu\u0103rii Na\u021bionale.<\/p>\n<p>Elevii vor intra \u00een vacan\u021ba de iarn\u0103 pe 20 decembrie 2025 \u0219i vor reveni la \u0219coal\u0103 pe 8 ianuarie 2026.<\/p>\n","protected":false},"excerpt":{"rendered":"<p>\u0218coala Gimnazial\u0103 \u201dVasile Cristoforeanu\u201d din R\u00e2mnicu S\u0103rat organizeaz\u0103, \u0219i \u00een acest an, concursul ,,Cupa &#8222;Vasile Cristoforeanu&#8221; la \u0218ah. Competi\u021bia a devenit deja o tradi\u021bie pentru unitatea de \u00eenv\u0103\u021b\u0103m\u00e2nt \u0219i se afl\u0103 la cea de-a treia edi\u021bie. Prima etap\u0103 a competi\u021biei din acest an va avea loc miercuri, 17 decembrie. Tot s\u0103pt\u0103m\u00e2na viitoare, elevii \u0218colii Gimnaziale \u201dVasile Cristoforeanu\u201d vor fi implica\u021bi \u0219i \u00een diverse activit\u0103\u021bi \u00een cadrul programului \u201d\u0218coala Altfel\u201d. Copiii vor participa la momente festive dedicate s\u0103rb\u0103torilor de Cr\u0103ciun, la ac\u021biuni umanitare \u0219i vor face vizite la obiectivele istorice din&hellip;<\/p>\n","protected":false},"author":4,"featured_media":15071,"comment_status":"closed","ping_status":"closed","sticky":false,"template":"","format":"standard","meta":{"footnotes":""},"categories":[165],"tags":[246,7380,4820,8409,1425],"class_list":["post-23877","post","type-post","status-publish","format-standard","has-post-thumbnail","hentry","category-informatia-de-ramnic","tag-elevi","tag-evaluarea-nationala","tag-sah","tag-saptamana-fructelor","tag-scoala-vasile-cristoforeanu"],"gutentor_comment":0,"_links":{"self":[{"href":"https:\/\/scurtpe2.ro\/index.php?rest_route=\/wp\/v2\/posts\/23877","targetHints":{"allow":["GET"]}}],"collection":[{"href":"https:\/\/scurtpe2.ro\/index.php?rest_route=\/wp\/v2\/posts"}],"about":[{"href":"https:\/\/scurtpe2.ro\/index.php?rest_route=\/wp\/v2\/types\/post"}],"author":[{"embeddable":true,"href":"https:\/\/scurtpe2.ro\/index.php?rest_route=\/wp\/v2\/users\/4"}],"replies":[{"embeddable":true,"href":"https:\/\/scurtpe2.ro\/index.php?rest_route=%2Fwp%2Fv2%2Fcomments&post=23877"}],"version-history":[{"count":1,"href":"https:\/\/scurtpe2.ro\/index.php?rest_route=\/wp\/v2\/posts\/23877\/revisions"}],"predecessor-version":[{"id":23878,"href":"https:\/\/scurtpe2.ro\/index.php?rest_route=\/wp\/v2\/posts\/23877\/revisions\/23878"}],"wp:featuredmedia":[{"embeddable":true,"href":"https:\/\/scurtpe2.ro\/index.php?rest_route=\/wp\/v2\/media\/15071"}],"wp:attachment":[{"href":"https:\/\/scurtpe2.ro\/index.php?rest_route=%2Fwp%2Fv2%2Fmedia&parent=23877"}],"wp:term":[{"taxonomy":"category","embeddable":true,"href":"https:\/\/scurtpe2.ro\/index.php?rest_route=%2Fwp%2Fv2%2Fcategories&post=23877"},{"taxonomy":"post_tag","embeddable":true,"href":"https:\/\/scurtpe2.ro\/index.php?rest_route=%2Fwp%2Fv2%2Ftags&post=23877"}],"curies":[{"name":"wp","href":"https:\/\/api.w.org\/{rel}","templated":true}]}}