{"id":23873,"date":"2025-12-12T19:30:54","date_gmt":"2025-12-12T16:30:54","guid":{"rendered":"https:\/\/scurtpe2.ro\/?p=23873"},"modified":"2025-12-12T19:30:54","modified_gmt":"2025-12-12T16:30:54","slug":"administratia-bazinala-de-apa-buzau-ialomita-are-un-nou-director","status":"publish","type":"post","link":"https:\/\/scurtpe2.ro\/?p=23873","title":{"rendered":"ADMINISTRA\u021aIA BAZINAL\u0102 DE AP\u0102 BUZ\u0102U-IALOMI\u021aA ARE UN NOU DIRECTOR"},"content":{"rendered":"<p>&nbsp;<\/p>\n<p><a href=\"https:\/\/scurtpe2.ro\/?attachment_id=23874\" rel=\"attachment wp-att-23874\"><img loading=\"lazy\" decoding=\"async\" class=\"alignnone size-full wp-image-23874\" src=\"https:\/\/scurtpe2.ro\/wp-content\/uploads\/2025\/12\/director.jpg\" alt=\"\" width=\"194\" height=\"260\" \/><\/a>Administra\u021bia Bazinal\u0103 de Ap\u0103 Buz\u0103u-Ialomi\u021ba are un nou director, dup\u0103 ce, miercuri, 10 decembrie, fosta \u0219ef\u0103, Marilena Stoian, a fost demis\u0103 ca urmare a crizei apei din jude\u021bele Prahova \u0219i D\u00e2mbovi\u021ba. Este vorba despre inginerul Adrian Popa, care va conduce, cu caracter temporar, Administra\u021bia Bazinale de Apa Buz\u0103u-Ialomi\u021ba. Adrian Popa este din Nehoiu \u0219i este director tehnic \u00een cadrul ABA Buz\u0103u-Ialomi\u021ba. El este inginer hidrotehnist \u0219i lucreaz\u0103 la Administra\u021bia Bazinal\u0103 de Ap\u0103 Buz\u0103u-Ialomi\u021ba din anul 2011. \u00cen acest timp, Adrian Popa a avut mai multe atribu\u021bii privind urm\u0103rirea realiz\u0103rii obiectivelor de investi\u021bii \u0219i de coordonare pentru \u0219antierele temporare \u0219i mobile. De asemenea, el a fost \u0219ef serviciu exploatare lucr\u0103ri hidrotehnice \u0219i \u0219ef forma\u021bie mecanizat\u0103 Siriu, iar din iunie 2022 este inginer \u0219ef la Serviciul de Gospod\u0103rire a Apelor Buz\u0103u.<\/p>\n<p>&nbsp;<\/p>\n<p>UN NOU DIRECTOR<\/p>\n","protected":false},"excerpt":{"rendered":"<p>&nbsp; Administra\u021bia Bazinal\u0103 de Ap\u0103 Buz\u0103u-Ialomi\u021ba are un nou director, dup\u0103 ce, miercuri, 10 decembrie, fosta \u0219ef\u0103, Marilena Stoian, a fost demis\u0103 ca urmare a crizei apei din jude\u021bele Prahova \u0219i D\u00e2mbovi\u021ba. Este vorba despre inginerul Adrian Popa, care va conduce, cu caracter temporar, Administra\u021bia Bazinale de Apa Buz\u0103u-Ialomi\u021ba. Adrian Popa este din Nehoiu \u0219i este director tehnic \u00een cadrul ABA Buz\u0103u-Ialomi\u021ba. El este inginer hidrotehnist \u0219i lucreaz\u0103 la Administra\u021bia Bazinal\u0103 de Ap\u0103 Buz\u0103u-Ialomi\u021ba din anul 2011. \u00cen acest timp, Adrian Popa a avut mai multe atribu\u021bii privind urm\u0103rirea realiz\u0103rii&hellip;<\/p>\n","protected":false},"author":4,"featured_media":23875,"comment_status":"closed","ping_status":"closed","sticky":false,"template":"","format":"standard","meta":{"footnotes":""},"categories":[173,168],"tags":[8407,8408,678,3785],"class_list":["post-23873","post","type-post","status-publish","format-standard","has-post-thumbnail","hentry","category-administrativ","category-informatia-de-buzau","tag-aba-buzau-ialomita","tag-adrian-popa","tag-apa","tag-director"],"gutentor_comment":0,"_links":{"self":[{"href":"https:\/\/scurtpe2.ro\/index.php?rest_route=\/wp\/v2\/posts\/23873","targetHints":{"allow":["GET"]}}],"collection":[{"href":"https:\/\/scurtpe2.ro\/index.php?rest_route=\/wp\/v2\/posts"}],"about":[{"href":"https:\/\/scurtpe2.ro\/index.php?rest_route=\/wp\/v2\/types\/post"}],"author":[{"embeddable":true,"href":"https:\/\/scurtpe2.ro\/index.php?rest_route=\/wp\/v2\/users\/4"}],"replies":[{"embeddable":true,"href":"https:\/\/scurtpe2.ro\/index.php?rest_route=%2Fwp%2Fv2%2Fcomments&post=23873"}],"version-history":[{"count":1,"href":"https:\/\/scurtpe2.ro\/index.php?rest_route=\/wp\/v2\/posts\/23873\/revisions"}],"predecessor-version":[{"id":23876,"href":"https:\/\/scurtpe2.ro\/index.php?rest_route=\/wp\/v2\/posts\/23873\/revisions\/23876"}],"wp:featuredmedia":[{"embeddable":true,"href":"https:\/\/scurtpe2.ro\/index.php?rest_route=\/wp\/v2\/media\/23875"}],"wp:attachment":[{"href":"https:\/\/scurtpe2.ro\/index.php?rest_route=%2Fwp%2Fv2%2Fmedia&parent=23873"}],"wp:term":[{"taxonomy":"category","embeddable":true,"href":"https:\/\/scurtpe2.ro\/index.php?rest_route=%2Fwp%2Fv2%2Fcategories&post=23873"},{"taxonomy":"post_tag","embeddable":true,"href":"https:\/\/scurtpe2.ro\/index.php?rest_route=%2Fwp%2Fv2%2Ftags&post=23873"}],"curies":[{"name":"wp","href":"https:\/\/api.w.org\/{rel}","templated":true}]}}