{"id":23870,"date":"2025-12-11T17:29:27","date_gmt":"2025-12-11T14:29:27","guid":{"rendered":"https:\/\/scurtpe2.ro\/?p=23870"},"modified":"2025-12-11T17:29:27","modified_gmt":"2025-12-11T14:29:27","slug":"demisie-la-a-b-a-buzau-ialomita","status":"publish","type":"post","link":"https:\/\/scurtpe2.ro\/?p=23870","title":{"rendered":"DEMISIE LA A.B.A. BUZ\u0102U-IALOMI\u021aA"},"content":{"rendered":"<p>Cad primele capete de la v\u00e2rful unor institu\u021bii, dup\u0103 criza apei potabile care afecteaz\u0103 peste 100.000 de locuitori din jude\u021bele Prahova \u0219i D\u00e2mbovi\u021ba. Printre ,,victime\u201d se afl\u0103 \u0219i Marilena Stoian, directorul Administra\u021biei Bazinale de Ap\u0103 Buz\u0103u-Ialomi\u021ba. Anun\u021bul privind demiterile \u00een lan\u021b a fost f\u0103cut ieri de c\u0103tre Diana Buzoianu, ministrul Mediului, \u00een urma concluziilor raportului preliminar efectuat de Corpul de Control, trimis \u00een Prahova.<\/p>\n<p>Raportul preliminar efectuat de Corpul de Control a ar\u0103tat numeroase deficien\u021be \u00een \u00eendeplinirea corect\u0103 a sarcinilor de c\u0103tre Administra\u0163ia Bazinal\u0103 de Ap\u0103 Buz\u0103u-Ialomi\u0163a. Printre acestea ar fi \u0219i faptul c\u0103 A.B.A. nu ar fi avertizat c\u0103 turbiditatea apei va cre\u0219te din cauza lucr\u0103rilor la Barajul Paltinu.<\/p>\n<p>Ministrul Mediului a ad\u0103ugat c\u0103, at\u00e2t ea, c\u00e2t \u0219i autorit\u0103\u021bile locale au primit mereu asigur\u0103ri de la ABA Buz\u0103u-Ialomi\u021ba c\u0103 nu exist\u0103 riscuri majore. Chemat\u0103 \u00een Parlament, la scurt timp de la declan\u0219area crizei, directoarea Administra\u0163iei Bazinale Buz\u0103u-Ialomi\u0163a a recunoscut c\u0103 nu a informat Ministerul Mediului despre riscurile golirii barajului, inclusiv acela c\u0103 zeci de mii de oameni puteau r\u0103m\u00e2ne f\u0103r\u0103 ap\u0103. Ea a declarat \u00eens\u0103 c\u0103 nu \u00ee\u0219i va da demisia.<\/p>\n<p>Marilena Stoian are o experien\u021b\u0103 vast\u0103 \u00een cadrul Apelor Rom\u00e2ne Filiala Buz\u0103u-Ialomi\u021ba, ocup\u00e2nd func\u021bii de conducere precum Director Tehnic Exploatare Lucr\u0103ri Hidrotehnice (2012-2017) \u0219i Director Exploatare Mentenan\u021b\u0103 a ISNGA \u0219i Investi\u021bii (2019 \u2013 martie 2023). Conform fi\u0219ei postului, ea era responsabil\u0103 cu asigurarea strategiilor \u0219i politicilor de gospod\u0103rire a apelor la nivel local, inclusiv executarea bugetului de venituri \u0219i cheltuieli \u0219i coordonarea personalului. Experien\u021ba sa \u00eendelungat\u0103 \u00een domenii precum exploatarea, siguran\u021ba lucr\u0103rilor \u0219i prevenirea inunda\u021biilor ar fi trebuit s\u0103 o ajute \u00een gestionarea riscurilor legate de sursa de ap\u0103 a Barajului Paltinu. Marilena Stoian a ocupat func\u021bia de director al ABA Buz\u0103u-Ialomi\u021ba din martie 2023 \u0219i, anterior, \u00een perioada 2017-2019.<\/p>\n","protected":false},"excerpt":{"rendered":"<p>Cad primele capete de la v\u00e2rful unor institu\u021bii, dup\u0103 criza apei potabile care afecteaz\u0103 peste 100.000 de locuitori din jude\u021bele Prahova \u0219i D\u00e2mbovi\u021ba. Printre ,,victime\u201d se afl\u0103 \u0219i Marilena Stoian, directorul Administra\u021biei Bazinale de Ap\u0103 Buz\u0103u-Ialomi\u021ba. Anun\u021bul privind demiterile \u00een lan\u021b a fost f\u0103cut ieri de c\u0103tre Diana Buzoianu, ministrul Mediului, \u00een urma concluziilor raportului preliminar efectuat de Corpul de Control, trimis \u00een Prahova. Raportul preliminar efectuat de Corpul de Control a ar\u0103tat numeroase deficien\u021be \u00een \u00eendeplinirea corect\u0103 a sarcinilor de c\u0103tre Administra\u0163ia Bazinal\u0103 de Ap\u0103 Buz\u0103u-Ialomi\u0163a. Printre acestea ar&hellip;<\/p>\n","protected":false},"author":4,"featured_media":23871,"comment_status":"closed","ping_status":"closed","sticky":false,"template":"","format":"standard","meta":{"footnotes":""},"categories":[168],"tags":[8404,8403,1526,8406,8405],"class_list":["post-23870","post","type-post","status-publish","format-standard","has-post-thumbnail","hentry","category-informatia-de-buzau","tag-aba-buzau","tag-marilena-stoian","tag-mediu","tag-ministru","tag-scandal-apa"],"gutentor_comment":0,"_links":{"self":[{"href":"https:\/\/scurtpe2.ro\/index.php?rest_route=\/wp\/v2\/posts\/23870","targetHints":{"allow":["GET"]}}],"collection":[{"href":"https:\/\/scurtpe2.ro\/index.php?rest_route=\/wp\/v2\/posts"}],"about":[{"href":"https:\/\/scurtpe2.ro\/index.php?rest_route=\/wp\/v2\/types\/post"}],"author":[{"embeddable":true,"href":"https:\/\/scurtpe2.ro\/index.php?rest_route=\/wp\/v2\/users\/4"}],"replies":[{"embeddable":true,"href":"https:\/\/scurtpe2.ro\/index.php?rest_route=%2Fwp%2Fv2%2Fcomments&post=23870"}],"version-history":[{"count":1,"href":"https:\/\/scurtpe2.ro\/index.php?rest_route=\/wp\/v2\/posts\/23870\/revisions"}],"predecessor-version":[{"id":23872,"href":"https:\/\/scurtpe2.ro\/index.php?rest_route=\/wp\/v2\/posts\/23870\/revisions\/23872"}],"wp:featuredmedia":[{"embeddable":true,"href":"https:\/\/scurtpe2.ro\/index.php?rest_route=\/wp\/v2\/media\/23871"}],"wp:attachment":[{"href":"https:\/\/scurtpe2.ro\/index.php?rest_route=%2Fwp%2Fv2%2Fmedia&parent=23870"}],"wp:term":[{"taxonomy":"category","embeddable":true,"href":"https:\/\/scurtpe2.ro\/index.php?rest_route=%2Fwp%2Fv2%2Fcategories&post=23870"},{"taxonomy":"post_tag","embeddable":true,"href":"https:\/\/scurtpe2.ro\/index.php?rest_route=%2Fwp%2Fv2%2Ftags&post=23870"}],"curies":[{"name":"wp","href":"https:\/\/api.w.org\/{rel}","templated":true}]}}