{"id":23863,"date":"2025-12-10T19:11:23","date_gmt":"2025-12-10T16:11:23","guid":{"rendered":"https:\/\/scurtpe2.ro\/?p=23863"},"modified":"2025-12-10T19:11:23","modified_gmt":"2025-12-10T16:11:23","slug":"pensionari-nemultumiti","status":"publish","type":"post","link":"https:\/\/scurtpe2.ro\/?p=23863","title":{"rendered":"PENSIONARI NEMUL\u021aUMI\u021aI"},"content":{"rendered":"<p>Recalcularea pensiilor a st\u00e2rnit un val de nemul\u021bumiri \u00een r\u00e2ndul pensionarilor din jude\u021bul Buz\u0103u. Seniorii au apelat \u0219i la reprezentantul Avocatului Poporului, unde au reclamat \u00eent\u00e2rzierile \u00een emiterea deciziilor de pensionare de c\u0103tre Casa de Pensii Buz\u0103u. Cele mai mari nemul\u021bumiri au fost legate, at\u00e2t de modul de stabilire a punctajului anual \u0219i a valorii punctului de pensie, c\u00e2t \u0219i a condi\u021biilor de includere a anumitor perioade lucrate.<\/p>\n<p>Peste 100 de buzoieni au fost primi\u021bi \u00een audien\u021b\u0103, \u00een acest an, de c\u0103tre reprezentantul Avocatului Poporului. Printre reclama\u0163iile buzoienilor s-au aflat \u0219i cele privind nerespectarea de c\u0103tre unele prim\u0103rii a termenului maxim legal prev\u0103zut \u00een emiterea de r\u0103spunsuri pentru peti\u021biile depuse.<\/p>\n<p>Orice persoan\u0103, care se simte nedrept\u0103\u0163it\u0103 de faptele unui func\u0163ionar public din cadrul autorit\u0103\u0163ilor centrale ori locale, se poate adresa Avocatului Poporului. \u00a0Pentru primirea \u00een audien\u0163\u0103 nu este necesar\u0103 programarea. Totodat\u0103, cet\u0103\u021benii care doresc s\u0103 se adreseze institu\u021biei Avocatul Poporului pot transmite cererile \u0219i prin po\u0219t\u0103, pe adresa biroului din municipiul Ploie\u0219ti.<\/p>\n","protected":false},"excerpt":{"rendered":"<p>Recalcularea pensiilor a st\u00e2rnit un val de nemul\u021bumiri \u00een r\u00e2ndul pensionarilor din jude\u021bul Buz\u0103u. Seniorii au apelat \u0219i la reprezentantul Avocatului Poporului, unde au reclamat \u00eent\u00e2rzierile \u00een emiterea deciziilor de pensionare de c\u0103tre Casa de Pensii Buz\u0103u. Cele mai mari nemul\u021bumiri au fost legate, at\u00e2t de modul de stabilire a punctajului anual \u0219i a valorii punctului de pensie, c\u00e2t \u0219i a condi\u021biilor de includere a anumitor perioade lucrate. Peste 100 de buzoieni au fost primi\u021bi \u00een audien\u021b\u0103, \u00een acest an, de c\u0103tre reprezentantul Avocatului Poporului. Printre reclama\u0163iile buzoienilor s-au aflat&hellip;<\/p>\n","protected":false},"author":4,"featured_media":14682,"comment_status":"closed","ping_status":"closed","sticky":false,"template":"","format":"standard","meta":{"footnotes":""},"categories":[168],"tags":[4691,8402,511],"class_list":["post-23863","post","type-post","status-publish","format-standard","has-post-thumbnail","hentry","category-informatia-de-buzau","tag-avocatul-poporului","tag-pensii-recalculate","tag-pensionari"],"gutentor_comment":0,"_links":{"self":[{"href":"https:\/\/scurtpe2.ro\/index.php?rest_route=\/wp\/v2\/posts\/23863","targetHints":{"allow":["GET"]}}],"collection":[{"href":"https:\/\/scurtpe2.ro\/index.php?rest_route=\/wp\/v2\/posts"}],"about":[{"href":"https:\/\/scurtpe2.ro\/index.php?rest_route=\/wp\/v2\/types\/post"}],"author":[{"embeddable":true,"href":"https:\/\/scurtpe2.ro\/index.php?rest_route=\/wp\/v2\/users\/4"}],"replies":[{"embeddable":true,"href":"https:\/\/scurtpe2.ro\/index.php?rest_route=%2Fwp%2Fv2%2Fcomments&post=23863"}],"version-history":[{"count":1,"href":"https:\/\/scurtpe2.ro\/index.php?rest_route=\/wp\/v2\/posts\/23863\/revisions"}],"predecessor-version":[{"id":23864,"href":"https:\/\/scurtpe2.ro\/index.php?rest_route=\/wp\/v2\/posts\/23863\/revisions\/23864"}],"wp:featuredmedia":[{"embeddable":true,"href":"https:\/\/scurtpe2.ro\/index.php?rest_route=\/wp\/v2\/media\/14682"}],"wp:attachment":[{"href":"https:\/\/scurtpe2.ro\/index.php?rest_route=%2Fwp%2Fv2%2Fmedia&parent=23863"}],"wp:term":[{"taxonomy":"category","embeddable":true,"href":"https:\/\/scurtpe2.ro\/index.php?rest_route=%2Fwp%2Fv2%2Fcategories&post=23863"},{"taxonomy":"post_tag","embeddable":true,"href":"https:\/\/scurtpe2.ro\/index.php?rest_route=%2Fwp%2Fv2%2Ftags&post=23863"}],"curies":[{"name":"wp","href":"https:\/\/api.w.org\/{rel}","templated":true}]}}