{"id":23860,"date":"2025-12-10T19:05:41","date_gmt":"2025-12-10T16:05:41","guid":{"rendered":"https:\/\/scurtpe2.ro\/?p=23860"},"modified":"2025-12-10T19:05:41","modified_gmt":"2025-12-10T16:05:41","slug":"o-seara-magica","status":"publish","type":"post","link":"https:\/\/scurtpe2.ro\/?p=23860","title":{"rendered":"O SEAR\u0102 MAGIC\u0102"},"content":{"rendered":"<p>Au petrecut o sear\u0103 magic\u0103, purta\u021bi de atmosfera feeric\u0103 a Cr\u0103ciunului. Este vorba de elevii Colegiului Na\u021bional ,,Alexandru Vlahu\u021b\u0103\u201d din municipiul R\u00e2mnicu S\u0103rat, care, al\u0103turi de profesori \u0219i p\u0103rin\u021bi, s-au bucurat de momente minunate, \u00een cadrul unui spectacol dedicat S\u0103rb\u0103torilor de iarn\u0103. Evenimentul a fost organizat la Centrul Cultural \u201dFlorica Cristoforeanu\u201d, iar elevii au \u00eenc\u00e2ntat publicul cu numeroase colinde tradi\u021bionale, piese clasice de iarn\u0103, dans, dar \u0219i alte surprize.<\/p>\n<p>Elevii \u0219i-au propus s\u0103 ofere publicului o sear\u0103 de neuitat, care s\u0103 completeze atmosfera s\u0103rb\u0103torilor de iarn\u0103 cu amintiri pre\u021bioase.<\/p>\n<p>Pe scen\u0103 a urcat \u0219i Ansamblul Coral ,,Vlahu\u021bi\u0219tii\u201d, care, de\u0219i, este la \u00eenceput de drum, a reu\u0219it o mare performan\u021b\u0103, sub bagheta magic\u0103 a profesorului dirijor, Beatrice Stoian. Elevii vor reprezinta colegiul cu m\u00e2ndrie, pe 19 decembrie, la Bucure\u0219ti, unde vor c\u00e2nta al\u0103turi de Corul Na\u021bional de Camer\u0103 Madrigal, \u00eentr-un concert de colinde.<\/p>\n<p>\u00cen pragul s\u0103rb\u0103torilor de Cr\u0103ciun, g\u00e2ndurile organizatorilor se \u00eendreapt\u0103 c\u0103tre \u00eentreaga comunitate din R\u00e2mnicu S\u0103rat.<\/p>\n<p>Publicul s-a putut bucura de un moment organizat cu mult\u0103 munc\u0103, talent \u0219i d\u0103ruire de c\u0103tre elevii colegiului.<\/p>\n<p>Cei prezen\u021bi la momentul organizat de elevii Colegiului Na\u021bional \u201dAlexandru Vlahu\u021b\u0103\u201d\u00a0 au reu\u0219it pentru o noapte s\u0103 lase grijile deoparte \u0219i s\u0103 retr\u0103iasc\u0103 miracolul nop\u021bii de Cr\u0103ciun. S\u0103rb\u0103toarea Na\u0219terii lui Iisus Hristos este s\u0103rb\u0103toarea bucuriei \u0219i a luminii \u0219i este cel mai a\u0219teptat moment din an.<\/p>\n","protected":false},"excerpt":{"rendered":"<p>Au petrecut o sear\u0103 magic\u0103, purta\u021bi de atmosfera feeric\u0103 a Cr\u0103ciunului. Este vorba de elevii Colegiului Na\u021bional ,,Alexandru Vlahu\u021b\u0103\u201d din municipiul R\u00e2mnicu S\u0103rat, care, al\u0103turi de profesori \u0219i p\u0103rin\u021bi, s-au bucurat de momente minunate, \u00een cadrul unui spectacol dedicat S\u0103rb\u0103torilor de iarn\u0103. Evenimentul a fost organizat la Centrul Cultural \u201dFlorica Cristoforeanu\u201d, iar elevii au \u00eenc\u00e2ntat publicul cu numeroase colinde tradi\u021bionale, piese clasice de iarn\u0103, dans, dar \u0219i alte surprize. Elevii \u0219i-au propus s\u0103 ofere publicului o sear\u0103 de neuitat, care s\u0103 completeze atmosfera s\u0103rb\u0103torilor de iarn\u0103 cu amintiri pre\u021bioase. Pe&hellip;<\/p>\n","protected":false},"author":4,"featured_media":23861,"comment_status":"closed","ping_status":"closed","sticky":false,"template":"","format":"standard","meta":{"footnotes":""},"categories":[165],"tags":[918,5068,246,5900,5035],"class_list":["post-23860","post","type-post","status-publish","format-standard","has-post-thumbnail","hentry","category-informatia-de-ramnic","tag-colegiu-vlahuta","tag-colinde","tag-elevi","tag-magic","tag-sarbatori-de-iarna"],"gutentor_comment":0,"_links":{"self":[{"href":"https:\/\/scurtpe2.ro\/index.php?rest_route=\/wp\/v2\/posts\/23860","targetHints":{"allow":["GET"]}}],"collection":[{"href":"https:\/\/scurtpe2.ro\/index.php?rest_route=\/wp\/v2\/posts"}],"about":[{"href":"https:\/\/scurtpe2.ro\/index.php?rest_route=\/wp\/v2\/types\/post"}],"author":[{"embeddable":true,"href":"https:\/\/scurtpe2.ro\/index.php?rest_route=\/wp\/v2\/users\/4"}],"replies":[{"embeddable":true,"href":"https:\/\/scurtpe2.ro\/index.php?rest_route=%2Fwp%2Fv2%2Fcomments&post=23860"}],"version-history":[{"count":1,"href":"https:\/\/scurtpe2.ro\/index.php?rest_route=\/wp\/v2\/posts\/23860\/revisions"}],"predecessor-version":[{"id":23862,"href":"https:\/\/scurtpe2.ro\/index.php?rest_route=\/wp\/v2\/posts\/23860\/revisions\/23862"}],"wp:featuredmedia":[{"embeddable":true,"href":"https:\/\/scurtpe2.ro\/index.php?rest_route=\/wp\/v2\/media\/23861"}],"wp:attachment":[{"href":"https:\/\/scurtpe2.ro\/index.php?rest_route=%2Fwp%2Fv2%2Fmedia&parent=23860"}],"wp:term":[{"taxonomy":"category","embeddable":true,"href":"https:\/\/scurtpe2.ro\/index.php?rest_route=%2Fwp%2Fv2%2Fcategories&post=23860"},{"taxonomy":"post_tag","embeddable":true,"href":"https:\/\/scurtpe2.ro\/index.php?rest_route=%2Fwp%2Fv2%2Ftags&post=23860"}],"curies":[{"name":"wp","href":"https:\/\/api.w.org\/{rel}","templated":true}]}}