{"id":23858,"date":"2025-12-10T17:31:59","date_gmt":"2025-12-10T14:31:59","guid":{"rendered":"https:\/\/scurtpe2.ro\/?p=23858"},"modified":"2025-12-10T17:31:59","modified_gmt":"2025-12-10T14:31:59","slug":"dispozitie-privind-convocarea-in-sedinta-ordinara-a-lunii-decembrie-2025-a-consiliului-local-al-municipiului-buzau","status":"publish","type":"post","link":"https:\/\/scurtpe2.ro\/?p=23858","title":{"rendered":"DISPOZI\u021aIE privind convocarea \u00een \u015fedin\u0163a ordinar\u0103 a lunii DECEMBRIE 2025 a Consiliului Local al Municipiului Buz\u0103u"},"content":{"rendered":"<p>Viceprimarul Municipiului Buz\u0103u, jude\u0163ul Buz\u0103u:<\/p>\n<p>Av\u00e2nd \u00een vedere:<\/p>\n<p>-faptul c\u0103 primarul Municipiului Buz\u0103u, domnul Constantin Toma, se afl\u0103 plecat \u00een interes de serviciu;<\/p>\n<p>-prevederile art. 2 din Hot\u0103r\u00e2rea Consiliului Local al Municipiului Buz\u0103u nr. 224 din 24.10.2024 privind alegerea unui viceprimar al Municipiului Buz\u0103u,<\/p>\n<p>-prevederile art. 133, alin. (1), art. 134, alin. (1), lit. a), art. 139, alin. (5), lit. c), art. 196, alin. (1), lit. b) din Ordonan\u021ba de urgen\u021b\u0103 a Guvernului nr.57\/2019 privind Codul administrativ, cu modific\u0103rile \u0219i complet\u0103rile ulterioare,<\/p>\n<p><strong>DISPUNE:<\/strong><\/p>\n<p>&nbsp;<\/p>\n<p><strong>\u00a0\u00a0\u00a0\u00a0\u00a0\u00a0 ART.1<\/strong>.- (1) Se convoac\u0103 Consiliul Local al Municipiului Buz\u0103u \u00een \u015fedin\u0163\u0103 ordinar\u0103, la data de <strong>16.12.2025, ora 10:00<\/strong>, \u015fedin\u0163\u0103 care va avea loc \u00een sediul Consiliului Local al Municipiului Buz\u0103u, situat \u00een Municipiul Buz\u0103u, Pia\u0163a Daciei, nr. 1, \u00een Palatul Comunal, etaj 1, sala Stan S\u0103raru (sala 24).<\/p>\n<p>(2) \u0218edin\u021ba prev\u0103zut\u0103 la alin. (1) se va desf\u0103\u0219ura at\u00e2t cu prezen\u021ba fizic\u0103 a consilierilor locali \u00een sala de \u0219edin\u021b\u0103, c\u00e2t \u0219i prin utilizarea de c\u0103tre consilierii locali a aplica\u021biei Zoom.<\/p>\n<p><em><u>Proiectul ordinii de zi al \u015fedin\u0163ei este urm\u0103torul<\/u><\/em>:<\/p>\n<ol>\n<li>Proiect de hot\u0103r\u00e2re nr. 242 din 10.11.2025 privind instituirea taxei de salubrizare pentru utilizatorii f\u0103r\u0103 contracte de prest\u0103ri servicii de salubrizare pe raza Municipiului Buz\u0103u;<\/li>\n<li>Proiect de hot\u0103r\u00e2re nr. 250 din 13.11.2025 privind stabilirea, la nivelul Municipiului Buz\u0103u, a impozitelor \u015fi taxelor locale pentru anul fiscal 2026.<\/li>\n<\/ol>\n<p>\u00cen situa\u021bia \u00een care intervin modific\u0103ri legislative, acest proiect de hot\u0103r\u00e2re va fi modificat\/completat, dup\u0103 caz, \u00een conformitate cu acestea.<\/p>\n<ol start=\"3\">\n<li>Proiect de hot\u0103r\u00e2re nr. 251 din 18.11.2025 pentru aprobarea organiz\u0103rii re\u0163elei unit\u0103\u0163ilor de \u00eenv\u0103\u0163\u0103m\u00e2nt preuniversitar din Municipiul Buz\u0103u pentru anul \u015fcolar 2026 \u2013 2027;<\/li>\n<li>Proiect de hot\u0103r\u00e2re nr. 252 din 03.12.2025 privind aprobarea inventarului bunurilor care alc\u0103tuiesc domeniul privat al Municipiului Buz\u0103u \u2013 1;<\/li>\n<li>Proiect de hot\u0103r\u00e2re nr. 253 din 04.12.2025 privind \u201d<em>Eficientizarea procesului de informare \u0219i participare a consilierilor locali municipali la proiectele de investi\u021bii majore ale Prim\u0103riei Municipiului Buz\u0103u \u0219i nominalizarea consilierilor locali municipali \u00een comisiile de recep\u021bie la terminarea lucr\u0103rilor de investi\u021bii<\/em>\u201d;<\/li>\n<li>Proiect de hot\u0103r\u00e2re nr. 254 din 05.12.2025 privind aprobarea Planului de selec\u021bie \u2013 Componenta integral\u0103 pentru selec\u021bia a 2 administratori ai Societ\u0103\u021bii \u201cUrbis Serv S.R.L.\u201d Buz\u0103u pentru restul perioadei de mandat;<\/li>\n<\/ol>\n<ol start=\"7\">\n<li>Proiect de hot\u0103r\u00e2re nr. 255 din 09.12.2025 privind rectificarea 8 a bugetului Municipiului Buz\u0103u pe anul 2025<\/li>\n<li>Proiect de hot\u0103r\u00e2re nr. 256 din 09.12.2025 privind lucr\u0103ri \u00een cadrul proiectului \u201e<em>CRE\u0218TEREA MOBILIT\u0102\u021aII URBANE PRIN REALIZAREA UNUI HUB DE TRANSPORT \u0218I AUTOBAZ\u0102<\/em>\u201d;<\/li>\n<li>Proiect de hot\u0103r\u00e2re nr. 257 din 09.12.2025 pentru aprobarea documenta\u021biei faza Studiu de Fezabilitate \u0219i Proiect Tehnic, respectiv a indicatorilor tehnico-economici pentru obiectivul de investi\u021bii \u2013 \u201d<em>Extindere re\u021bea ap\u0103, canal pentru obiectivul de investi\u021bii \u2013 Construire Cimitir Municipal Micro XIV \u0219i \u00eemprejurimile la limita de vecin\u0103tate imobil 3177<\/em>\u201d;<\/li>\n<li>Proiect de hot\u0103r\u00e2re nr. 258 din 10.12.2025 privind luarea unor decizii legate de Adunarea General\u0103 Ordinar\u0103 a Ac\u021bionarilor Societ\u0103\u021bii Comerciale \u201cTRANS BUS\u201d S.A. Buz\u0103u referitor la numirea unor administratori provizorii;<\/li>\n<li>Proiect de hot\u0103r\u00e2re nr. 259 din 10.12.2025 privind \u00eencetarea dreptului de administrare al RAM TERMO VERDE S.R.L. Buz\u0103u asupra unor bunuri de retur;<\/li>\n<li>Proiect de hot\u0103r\u00e2re nr. 260 din 10.12.2025 pentru modificarea Acordului de Parteneriat \u00eentre UAT Municipiul Buz\u0103u \u0219i Funda\u021bia Umanitar\u0103 Agrinvest, pentru realizare Complex de s\u0103n\u0103tate &#8211; Spital Municipal, pe teritoriul Municipiului Buz\u0103u;<\/li>\n<li>Proiect de hot\u0103r\u00e2re nr. 261 din 10 decembrie 2025 privind alegerea pre\u015fedintelui de \u015fedin\u0163\u0103 al Consiliului Local al Municipiului Buz\u0103u pentru perioada ianuarie-martie 2026;<\/li>\n<\/ol>\n<ol start=\"14\">\n<li>Diverse.<\/li>\n<\/ol>\n<p>&nbsp;<\/p>\n<p><strong>ART.2<\/strong>.- Proiectele de hot\u0103r\u00e2re prev\u0103zute la art. 1 vor fi puse la dispozi\u021bia consilierilor locali \u00een format electronic.<\/p>\n<p>Materialele prev\u0103zute la art. 1, precum \u0219i alte \u00eenscrisuri despre care se face vorbire \u00een cuprinsul proiectelor, pot fi studiate, \u00een format letric, de c\u0103tre consilierii locali, la cabinetul Secretarului General al Municipiului Buz\u0103u.<\/p>\n<p><strong>ART.3<\/strong>.- Proiectele de hot\u0103r\u00e2re de pe ordinea de zi au fost ini\u021biate de primarul Municipiului Buz\u0103u, domnul Constantin Toma, cu excep\u021bia proiectelor de hot\u0103r\u00e2re de la pct. 5 de pe ordinea de zi, care a fost ini\u021biat de domnii consilieri locali Constantin Ionescu \u0219i Florin Dr\u0103gulin, \u0219i de proiectele de hot\u0103r\u00e2re de la pct. 10, 11, 12 \u0219i 13 de pe ordinea de zi, care au fost ini\u021biate de domnul viceprimar, consilier local, Ionu\u021b-Sorin Apostu.<\/p>\n<p><strong>ART.4<\/strong>.- \u00cen preambulul proiectelor de hot\u0103r\u00e2re prev\u0103zute la art. 1 au fost indicate Comisiile de specialitate la care acestea au fost trimise spre avizare.<\/p>\n<p><strong>ART.5<\/strong>.- Proiectele de hot\u0103r\u00e2re se reg\u0103sesc pe pagina de internet a prim\u0103riei, <a href=\"http:\/\/www.primariabuzau.ro\">www.primariabuzau.ro<\/a>.<\/p>\n<p><strong>ART.6<\/strong>.- Secretarul General al Municipiului Buz\u0103u, prin intermediul Serviciului Rela\u0163ii cu Publicul, Organizare Alegeri, \u00cendrumarea Cet\u0103\u0163enilor \u015fi Secretariat, va asigura aducerea la cuno\u015ftin\u0163\u0103 public\u0103 a prevederilor prezentei dispozi\u0163ii.<\/p>\n<p style=\"text-align: right;\">PRIMARUL MUNICIPIULUI BUZ\u0102U,<\/p>\n<p style=\"text-align: right;\">VICEPRIMARUL MUNICIPIULUI BUZ\u0102U<\/p>\n<p style=\"text-align: right;\">Ionu\u021b \u2013 Sorin APOSTU<\/p>\n","protected":false},"excerpt":{"rendered":"<p>Viceprimarul Municipiului Buz\u0103u, jude\u0163ul Buz\u0103u: Av\u00e2nd \u00een vedere: -faptul c\u0103 primarul Municipiului Buz\u0103u, domnul Constantin Toma, se afl\u0103 plecat \u00een interes de serviciu; -prevederile art. 2 din Hot\u0103r\u00e2rea Consiliului Local al Municipiului Buz\u0103u nr. 224 din 24.10.2024 privind alegerea unui viceprimar al Municipiului Buz\u0103u, -prevederile art. 133, alin. (1), art. 134, alin. (1), lit. a), art. 139, alin. (5), lit. c), art. 196, alin. (1), lit. b) din Ordonan\u021ba de urgen\u021b\u0103 a Guvernului nr.57\/2019 privind Codul administrativ, cu modific\u0103rile \u0219i complet\u0103rile ulterioare, DISPUNE: &nbsp; \u00a0\u00a0\u00a0\u00a0\u00a0\u00a0 ART.1.- (1) Se convoac\u0103 Consiliul&hellip;<\/p>\n","protected":false},"author":4,"featured_media":22121,"comment_status":"closed","ping_status":"closed","sticky":false,"template":"","format":"standard","meta":{"footnotes":""},"categories":[157],"tags":[],"class_list":["post-23858","post","type-post","status-publish","format-standard","has-post-thumbnail","hentry","category-comunicare-primaria-buzau"],"gutentor_comment":0,"_links":{"self":[{"href":"https:\/\/scurtpe2.ro\/index.php?rest_route=\/wp\/v2\/posts\/23858","targetHints":{"allow":["GET"]}}],"collection":[{"href":"https:\/\/scurtpe2.ro\/index.php?rest_route=\/wp\/v2\/posts"}],"about":[{"href":"https:\/\/scurtpe2.ro\/index.php?rest_route=\/wp\/v2\/types\/post"}],"author":[{"embeddable":true,"href":"https:\/\/scurtpe2.ro\/index.php?rest_route=\/wp\/v2\/users\/4"}],"replies":[{"embeddable":true,"href":"https:\/\/scurtpe2.ro\/index.php?rest_route=%2Fwp%2Fv2%2Fcomments&post=23858"}],"version-history":[{"count":1,"href":"https:\/\/scurtpe2.ro\/index.php?rest_route=\/wp\/v2\/posts\/23858\/revisions"}],"predecessor-version":[{"id":23859,"href":"https:\/\/scurtpe2.ro\/index.php?rest_route=\/wp\/v2\/posts\/23858\/revisions\/23859"}],"wp:featuredmedia":[{"embeddable":true,"href":"https:\/\/scurtpe2.ro\/index.php?rest_route=\/wp\/v2\/media\/22121"}],"wp:attachment":[{"href":"https:\/\/scurtpe2.ro\/index.php?rest_route=%2Fwp%2Fv2%2Fmedia&parent=23858"}],"wp:term":[{"taxonomy":"category","embeddable":true,"href":"https:\/\/scurtpe2.ro\/index.php?rest_route=%2Fwp%2Fv2%2Fcategories&post=23858"},{"taxonomy":"post_tag","embeddable":true,"href":"https:\/\/scurtpe2.ro\/index.php?rest_route=%2Fwp%2Fv2%2Ftags&post=23858"}],"curies":[{"name":"wp","href":"https:\/\/api.w.org\/{rel}","templated":true}]}}