{"id":23855,"date":"2025-12-09T20:53:31","date_gmt":"2025-12-09T17:53:31","guid":{"rendered":"https:\/\/scurtpe2.ro\/?p=23855"},"modified":"2025-12-09T20:53:31","modified_gmt":"2025-12-09T17:53:31","slug":"s-a-aprins-iluminatul-festiv","status":"publish","type":"post","link":"https:\/\/scurtpe2.ro\/?p=23855","title":{"rendered":"S-A APRINS ILUMINATUL FESTIV"},"content":{"rendered":"<p>S-au aprins lumini\u021bele de Cr\u0103ciun \u0219i \u00een municipiul R\u00e2mnicu S\u0103rat. Iluminatul festiv a fost aprins, vineri seara, \u00een Ajunul Sf\u00e2ntului Nicolae. Ca \u00een fiecare an, centrul municipiului, principalele artere ale ora\u0219ului, Parcul Central, cl\u0103direa Prim\u0103riei, dar \u0219i cea a Centrului Cultural au \u00eembr\u0103cat haine de s\u0103rb\u0103toare.<\/p>\n<p>\u00cen centrul ora\u0219ului a fost montat un brad natural, iar ornamentele \u0219i articole specifice s\u0103rb\u0103torilor de iarn\u0103 dau un plus de culoare \u0219i lumin\u0103 spre \u00eenc\u00e2ntarea ochilor trec\u0103torilor.<\/p>\n","protected":false},"excerpt":{"rendered":"<p>S-au aprins lumini\u021bele de Cr\u0103ciun \u0219i \u00een municipiul R\u00e2mnicu S\u0103rat. Iluminatul festiv a fost aprins, vineri seara, \u00een Ajunul Sf\u00e2ntului Nicolae. Ca \u00een fiecare an, centrul municipiului, principalele artere ale ora\u0219ului, Parcul Central, cl\u0103direa Prim\u0103riei, dar \u0219i cea a Centrului Cultural au \u00eembr\u0103cat haine de s\u0103rb\u0103toare. \u00cen centrul ora\u0219ului a fost montat un brad natural, iar ornamentele \u0219i articole specifice s\u0103rb\u0103torilor de iarn\u0103 dau un plus de culoare \u0219i lumin\u0103 spre \u00eenc\u00e2ntarea ochilor trec\u0103torilor.<\/p>\n","protected":false},"author":4,"featured_media":23856,"comment_status":"closed","ping_status":"closed","sticky":false,"template":"","format":"standard","meta":{"footnotes":""},"categories":[165],"tags":[3336,5035,8401],"class_list":["post-23855","post","type-post","status-publish","format-standard","has-post-thumbnail","hentry","category-informatia-de-ramnic","tag-iluminat-festiv","tag-sarbatori-de-iarna","tag-sf-nicolae"],"gutentor_comment":0,"_links":{"self":[{"href":"https:\/\/scurtpe2.ro\/index.php?rest_route=\/wp\/v2\/posts\/23855","targetHints":{"allow":["GET"]}}],"collection":[{"href":"https:\/\/scurtpe2.ro\/index.php?rest_route=\/wp\/v2\/posts"}],"about":[{"href":"https:\/\/scurtpe2.ro\/index.php?rest_route=\/wp\/v2\/types\/post"}],"author":[{"embeddable":true,"href":"https:\/\/scurtpe2.ro\/index.php?rest_route=\/wp\/v2\/users\/4"}],"replies":[{"embeddable":true,"href":"https:\/\/scurtpe2.ro\/index.php?rest_route=%2Fwp%2Fv2%2Fcomments&post=23855"}],"version-history":[{"count":1,"href":"https:\/\/scurtpe2.ro\/index.php?rest_route=\/wp\/v2\/posts\/23855\/revisions"}],"predecessor-version":[{"id":23857,"href":"https:\/\/scurtpe2.ro\/index.php?rest_route=\/wp\/v2\/posts\/23855\/revisions\/23857"}],"wp:featuredmedia":[{"embeddable":true,"href":"https:\/\/scurtpe2.ro\/index.php?rest_route=\/wp\/v2\/media\/23856"}],"wp:attachment":[{"href":"https:\/\/scurtpe2.ro\/index.php?rest_route=%2Fwp%2Fv2%2Fmedia&parent=23855"}],"wp:term":[{"taxonomy":"category","embeddable":true,"href":"https:\/\/scurtpe2.ro\/index.php?rest_route=%2Fwp%2Fv2%2Fcategories&post=23855"},{"taxonomy":"post_tag","embeddable":true,"href":"https:\/\/scurtpe2.ro\/index.php?rest_route=%2Fwp%2Fv2%2Ftags&post=23855"}],"curies":[{"name":"wp","href":"https:\/\/api.w.org\/{rel}","templated":true}]}}