{"id":23852,"date":"2025-12-09T20:51:03","date_gmt":"2025-12-09T17:51:03","guid":{"rendered":"https:\/\/scurtpe2.ro\/?p=23852"},"modified":"2025-12-09T20:51:03","modified_gmt":"2025-12-09T17:51:03","slug":"cel-mai-important-pas-revenirea-la-buzau","status":"publish","type":"post","link":"https:\/\/scurtpe2.ro\/?p=23852","title":{"rendered":"CEL MAI IMPORTANT PAS, REVENIREA LA BUZ\u0102U"},"content":{"rendered":"<p>Marcel Ciolacu, fostul premier al Rom\u00e2niei \u0219i lider marcant al Partidului Social Democrat, ales duminic\u0103 pre\u0219edinte al Consiliului Jude\u021bean Buz\u0103u, marcheaz\u0103 o revenire spectaculoas\u0103 \u00een administra\u021bia local\u0103. Ciolacu consider\u0103 c\u0103 revenirea acas\u0103, la Buz\u0103u, a reprezentat cel mai important pas f\u0103cut \u00een via\u021ba sa.<\/p>\n<p>Dup\u0103 ce va prelua oficial conducerea Consiliului Jude\u021bean Buz\u0103u, Marcel Ciolacu \u00ee\u0219i va exercita mandatul, p\u00e2n\u0103 \u00een vara anului 2028, atunci c\u00e2nd sunt programate urm\u0103toarele alegeri locale la termen. El spune c\u0103 a \u00een\u021beles mesajele transmise de buzoieni prin prezen\u021ba lor la vot sau, dimpotriv\u0103, prin absen\u021ba lor la scrutinul de duminic\u0103.<\/p>\n<p>Marcel Ciolacu a de\u021binut func\u021bia de premier \u00een perioada 15 iunie 2023 \u2013 6 mai 2025, urmat\u0103 de e\u0219ecul r\u0103sun\u0103tor la alegerile preziden\u021biale din 24 noiembrie 2024. Ciolacu a administrat mai multe firme, inclusiv celebra covrig\u0103rie din Buz\u0103u, apoi \u0219i-a \u00eenceput cariera politic\u0103 chiar \u00een ora\u0219ul natal, acolo unde acum s-a \u00eentors, pe cea mai important\u0103 func\u021bie din jude\u021b. A fost consilier local (2000-2004), consilier jude\u021bean (2004-2008), prefect interimar \u0219i viceprimar. Din 2012, a fost deputat, vicepremier \u0219i premier \u00een alian\u021ba USL 2.0 pe care a condus-o sub pretextul \u201dstabilit\u0103\u021bii\u201d cu fostul \u0219ef \u0219i premier PNL Nicolae Ciuc\u0103, sub patronajul fostului pre\u0219edinte Klaus Iohannis.<\/p>\n","protected":false},"excerpt":{"rendered":"<p>Marcel Ciolacu, fostul premier al Rom\u00e2niei \u0219i lider marcant al Partidului Social Democrat, ales duminic\u0103 pre\u0219edinte al Consiliului Jude\u021bean Buz\u0103u, marcheaz\u0103 o revenire spectaculoas\u0103 \u00een administra\u021bia local\u0103. Ciolacu consider\u0103 c\u0103 revenirea acas\u0103, la Buz\u0103u, a reprezentat cel mai important pas f\u0103cut \u00een via\u021ba sa. Dup\u0103 ce va prelua oficial conducerea Consiliului Jude\u021bean Buz\u0103u, Marcel Ciolacu \u00ee\u0219i va exercita mandatul, p\u00e2n\u0103 \u00een vara anului 2028, atunci c\u00e2nd sunt programate urm\u0103toarele alegeri locale la termen. El spune c\u0103 a \u00een\u021beles mesajele transmise de buzoieni prin prezen\u021ba lor la vot sau, dimpotriv\u0103, prin&hellip;<\/p>\n","protected":false},"author":4,"featured_media":23853,"comment_status":"closed","ping_status":"closed","sticky":false,"template":"","format":"standard","meta":{"footnotes":""},"categories":[168],"tags":[203,523,1231],"class_list":["post-23852","post","type-post","status-publish","format-standard","has-post-thumbnail","hentry","category-informatia-de-buzau","tag-buzau","tag-consiliu-judetean","tag-marcel-ciolacu"],"gutentor_comment":0,"_links":{"self":[{"href":"https:\/\/scurtpe2.ro\/index.php?rest_route=\/wp\/v2\/posts\/23852","targetHints":{"allow":["GET"]}}],"collection":[{"href":"https:\/\/scurtpe2.ro\/index.php?rest_route=\/wp\/v2\/posts"}],"about":[{"href":"https:\/\/scurtpe2.ro\/index.php?rest_route=\/wp\/v2\/types\/post"}],"author":[{"embeddable":true,"href":"https:\/\/scurtpe2.ro\/index.php?rest_route=\/wp\/v2\/users\/4"}],"replies":[{"embeddable":true,"href":"https:\/\/scurtpe2.ro\/index.php?rest_route=%2Fwp%2Fv2%2Fcomments&post=23852"}],"version-history":[{"count":1,"href":"https:\/\/scurtpe2.ro\/index.php?rest_route=\/wp\/v2\/posts\/23852\/revisions"}],"predecessor-version":[{"id":23854,"href":"https:\/\/scurtpe2.ro\/index.php?rest_route=\/wp\/v2\/posts\/23852\/revisions\/23854"}],"wp:featuredmedia":[{"embeddable":true,"href":"https:\/\/scurtpe2.ro\/index.php?rest_route=\/wp\/v2\/media\/23853"}],"wp:attachment":[{"href":"https:\/\/scurtpe2.ro\/index.php?rest_route=%2Fwp%2Fv2%2Fmedia&parent=23852"}],"wp:term":[{"taxonomy":"category","embeddable":true,"href":"https:\/\/scurtpe2.ro\/index.php?rest_route=%2Fwp%2Fv2%2Fcategories&post=23852"},{"taxonomy":"post_tag","embeddable":true,"href":"https:\/\/scurtpe2.ro\/index.php?rest_route=%2Fwp%2Fv2%2Ftags&post=23852"}],"curies":[{"name":"wp","href":"https:\/\/api.w.org\/{rel}","templated":true}]}}