{"id":23820,"date":"2025-12-05T14:30:00","date_gmt":"2025-12-05T11:30:00","guid":{"rendered":"https:\/\/scurtpe2.ro\/?p=23820"},"modified":"2025-12-05T14:30:00","modified_gmt":"2025-12-05T11:30:00","slug":"premierele-saptamanii-in-cinematografe","status":"publish","type":"post","link":"https:\/\/scurtpe2.ro\/?p=23820","title":{"rendered":"Premierele s\u0103pt\u0103m\u00e2nii \u00een cinematografe"},"content":{"rendered":"<p><strong>de Mihai Pavelescu, editor mediaexpres.ro<\/strong><\/p>\n<p>Casele de distribu\u021bie din Rom\u00e2nia lanseaz\u0103 vineri, 5 decembrie, un num\u0103r de \u0219apte produc\u021bii cinematografice noi, cu dou\u0103 s\u0103pt\u0103m\u00e2ni \u00eenaintea premierei globale a superproduc\u021biei \u201cAvatar: Fire and Ash\u201d, oferta curent\u0103 incluz\u00e2nd dou\u0103 lungmetraje cu o participare autohton\u0103 semnificativ\u0103.<\/p>\n<p>Vertical Entertainment propune comedia rom\u00e2neasc\u0103 \u201eCr\u0103ciun cu Ramon\u201d, regizat\u0103 de Jes\u00fas del Cerro, o produc\u021bie ce \u00eel readuce \u00een prim-plan pe actorul Pavel Barto\u0219. Filmul \u00eel urm\u0103re\u0219te pe protagonist, Ramon, \u00eentr-o misiune secret\u0103 pentru a o g\u0103si pe nepoata pierdut\u0103 a partenerei sale, interpretat\u0103 de Andreea Vasile. Distribu\u021bia este completat\u0103 de Anastasia Haiducu \u00eentr-o aventur\u0103 de sezon care genereaz\u0103 situa\u021bii comice \u0219i emo\u021bionante.<\/p>\n<p><a href=\"https:\/\/scurtpe2.ro\/?attachment_id=23822\" rel=\"attachment wp-att-23822\"><img loading=\"lazy\" decoding=\"async\" class=\"alignnone size-medium wp-image-23822\" src=\"https:\/\/scurtpe2.ro\/wp-content\/uploads\/2025\/12\/755_craciun-cu-ramon-660x365.jpg\" alt=\"\" width=\"660\" height=\"365\" \/><\/a><\/p>\n<p>Independen\u021ba Film completeaz\u0103 segmentul produc\u021biilor rom\u00e2ne\u0219ti cu drama \u201eNu m\u0103 l\u0103sa s\u0103 mor\u201d, lungmetrajul semnat de Andrei Epure, care exploreaz\u0103 teme precum doliul \u0219i singur\u0103tatea. Pelicula, descris\u0103 ca o medita\u021bie ce oscileaz\u0103 stilistic \u00eentre comedie \u0219i horror, are o distribu\u021bie condus\u0103 de Cosmina Stratan \u0219i Elina L\u00f6wensohn, al\u0103turi de actri\u021bele Ozana Oancea \u0219i Mihaela S\u00eerbu.<\/p>\n<p>Ro Image 2000 a anun\u021bat partea a doua a seriei horror de succes \u201eFive Nights at Freddy&#8217;s 2\u201d, regizat\u0103 de Emma Tammi. Ac\u021biunea filmului \u00eel plaseaz\u0103 pe protagonistul Jeremy Fitzgerald \u00een anul 1987.<\/p>\n<p>Forum Film Rom\u00e2nia aduce pe ecrane \u201eEternitate\u201d (titlu original \u201eEternity\u201d), o dram\u0103 romantic\u0103 cu accente fantastice av\u00e2ndu-i \u00een rolurile principale pe Miles Teller \u0219i Elizabeth Olsen, care se petrece \u00een via\u021ba de apoi c\u00e2nd cei pleca\u021bi \u00ee\u0219i aleg \u201econtinuarea\u201d \u0219i eroina nu \u0219tie \u00eentre cine s\u0103 aleag\u0103, iubirea din tinere\u021be decedat\u0103 la o v\u00e2rst\u0103 fraged\u0103 \u0219i care a a\u0219teptat-o toat\u0103 via\u021ba sau so\u021bul s\u0103u din lumea noastr\u0103.<\/p>\n<p>CAY Films se adreseaz\u0103 segmentului de familie prin anima\u021bia norvegian\u0103 \u201eCr\u0103ciunul familiei \u0218oricescu\u201d, o poveste despre convie\u021buirea dintre o familie de \u0219oareci \u0219i una de oameni.<\/p>\n<p>Oferta cinematografic\u0103 a s\u0103pt\u0103m\u00e2nii este diversificat\u0103 de Malusa Media Consulting, compania unei foste directoare de achizi\u021bii de programe din TVR \u0219i apoi de la Prima TV, Lumini\u021ba Boerescu, care aduce pe marile ecrane drama italian\u0103 \u201eVia\u021ba c\u00e2nt\u0103 mai departe!\u201d (\u201eLa vita accanto\u201d), regizat\u0103 de Marco Tullio Giordana, \u0219i de Asocia\u021bia Filmtett care distribuie comedia maghiar\u0103 \u201eFemei p\u0103tima\u0219e\u201d, o produc\u021bie ce urm\u0103re\u0219te povestea unei terapeute care \u00ee\u0219i reconfigureaz\u0103 via\u021ba sentimental\u0103.<\/p>\n<p>&nbsp;<\/p>\n","protected":false},"excerpt":{"rendered":"<p>de Mihai Pavelescu, editor mediaexpres.ro Casele de distribu\u021bie din Rom\u00e2nia lanseaz\u0103 vineri, 5 decembrie, un num\u0103r de \u0219apte produc\u021bii cinematografice noi, cu dou\u0103 s\u0103pt\u0103m\u00e2ni \u00eenaintea premierei globale a superproduc\u021biei \u201cAvatar: Fire and Ash\u201d, oferta curent\u0103 incluz\u00e2nd dou\u0103 lungmetraje cu o participare autohton\u0103 semnificativ\u0103. Vertical Entertainment propune comedia rom\u00e2neasc\u0103 \u201eCr\u0103ciun cu Ramon\u201d, regizat\u0103 de Jes\u00fas del Cerro, o produc\u021bie ce \u00eel readuce \u00een prim-plan pe actorul Pavel Barto\u0219. Filmul \u00eel urm\u0103re\u0219te pe protagonist, Ramon, \u00eentr-o misiune secret\u0103 pentru a o g\u0103si pe nepoata pierdut\u0103 a partenerei sale, interpretat\u0103 de Andreea Vasile.&hellip;<\/p>\n","protected":false},"author":4,"featured_media":23821,"comment_status":"closed","ping_status":"closed","sticky":false,"template":"","format":"standard","meta":{"footnotes":""},"categories":[177,117],"tags":[8394,4793,8395],"class_list":["post-23820","post","type-post","status-publish","format-standard","has-post-thumbnail","hentry","category-lifestyle","category-scurtpe2","tag-cinematografie","tag-film","tag-mihai-pavelescu"],"gutentor_comment":0,"_links":{"self":[{"href":"https:\/\/scurtpe2.ro\/index.php?rest_route=\/wp\/v2\/posts\/23820","targetHints":{"allow":["GET"]}}],"collection":[{"href":"https:\/\/scurtpe2.ro\/index.php?rest_route=\/wp\/v2\/posts"}],"about":[{"href":"https:\/\/scurtpe2.ro\/index.php?rest_route=\/wp\/v2\/types\/post"}],"author":[{"embeddable":true,"href":"https:\/\/scurtpe2.ro\/index.php?rest_route=\/wp\/v2\/users\/4"}],"replies":[{"embeddable":true,"href":"https:\/\/scurtpe2.ro\/index.php?rest_route=%2Fwp%2Fv2%2Fcomments&post=23820"}],"version-history":[{"count":1,"href":"https:\/\/scurtpe2.ro\/index.php?rest_route=\/wp\/v2\/posts\/23820\/revisions"}],"predecessor-version":[{"id":23823,"href":"https:\/\/scurtpe2.ro\/index.php?rest_route=\/wp\/v2\/posts\/23820\/revisions\/23823"}],"wp:featuredmedia":[{"embeddable":true,"href":"https:\/\/scurtpe2.ro\/index.php?rest_route=\/wp\/v2\/media\/23821"}],"wp:attachment":[{"href":"https:\/\/scurtpe2.ro\/index.php?rest_route=%2Fwp%2Fv2%2Fmedia&parent=23820"}],"wp:term":[{"taxonomy":"category","embeddable":true,"href":"https:\/\/scurtpe2.ro\/index.php?rest_route=%2Fwp%2Fv2%2Fcategories&post=23820"},{"taxonomy":"post_tag","embeddable":true,"href":"https:\/\/scurtpe2.ro\/index.php?rest_route=%2Fwp%2Fv2%2Ftags&post=23820"}],"curies":[{"name":"wp","href":"https:\/\/api.w.org\/{rel}","templated":true}]}}