{"id":23812,"date":"2025-12-02T18:25:53","date_gmt":"2025-12-02T15:25:53","guid":{"rendered":"https:\/\/scurtpe2.ro\/?p=23812"},"modified":"2025-12-02T18:25:53","modified_gmt":"2025-12-02T15:25:53","slug":"decembrie-de-poveste-cu-surprize-pentru-copii","status":"publish","type":"post","link":"https:\/\/scurtpe2.ro\/?p=23812","title":{"rendered":",,DECEMBRIE DE POVESTE\u201d, CU SURPRIZE PENTRU COPII"},"content":{"rendered":"<p>Consiliul Jude\u0163ean Buz\u0103u, al\u0103turi de Teatrul \u201eGeorge Ciprian&#8221;, Centrul Jude\u0163ean de Cultur\u0103 \u015fi Art\u0103 \u015fi Muzeul Jude\u0163ean Buz\u0103u, \u00eei invit\u0103 pe buzoienii la evenimentele dedicate s\u0103rb\u0103torilor de iarn\u0103 reunite sub titlul \u201eDecembrie de Poveste&#8221;. T\u00e2rgul de Cr\u0103ciun din Parcul Centrului Muzeal I.C. Br\u0103tianu, deschis chiar de Ziua Na\u021bional\u0103 a Rom\u00e2niei, \u00ee\u0219i a\u0219eapt\u0103 vizitatorii p\u00e2n\u0103 pe 24 decembrie, \u00eentre orele 14:00 &#8211; 20:00, cu produse tradi\u0163ionale, obiecte de artizanat \u015fi surprize preg\u0103tite de me\u015fterii locali. Seria evenimentelor dedicate celor mici, va debuta, vineri, 5 decembrie, cu un concert de colinde sus\u021binut de elevii Liceului de Arte ,,Margareta Sterian\u201d.<\/p>\n<p>\u00cen zilele de 10, 11 \u015fi 12 decembrie, \u00een intervalul 09.00-12.00, \u00een foaierul comun al Muzeului Jude\u0163ean Buz\u0103u \u015fi al Teatrului George Ciprian Buz\u0103u, copiii vor fi a\u0219tepta\u021bi la un Mic-dejun cu Mo\u015f Cr\u0103ciun. Cei mici se vor \u00eent\u00e2lni cu Mo\u015f Cr\u0103ciun \u00eentr-un cadru festiv, un moment plin de \u00eenc\u00e2ntare, pove\u015fti \u015fi voie bun\u0103. Pe 17 decembrie, \u00eentre orele 10.00 &#8211; 14.00, magia va continua \u00een foaierul S\u0103lii Mari a Consiliului Jude\u0163ean Buz\u0103u, unde colind\u0103torii, mari \u015fi mici, vor vesti Na\u015fterea Domnului. Pe 18 decembrie, \u00eencep\u00e2nd cu ora 16.00, Parcul Centrului Muzeal I.C. Br\u0103tianu va fi \u00eensufle\u0163it de un concert de colinde sus\u0163inut de elevii Scolii Populare de Art\u0103 Buz\u0103u.<\/p>\n<p>Seria evenimentelor dedicate s\u0103rb\u0103torilor de iarn\u0103 se va \u00eencheia cu un moment muzical special, ce va avea loc pe 21 decembrie, ora 18.00, la Teatrul George Ciprian: Concert de Cr\u0103ciun, sus\u0163inut de Corul Lyra. Participarea se va face \u00een limita locurilor disponibile.<\/p>\n","protected":false},"excerpt":{"rendered":"<p>Consiliul Jude\u0163ean Buz\u0103u, al\u0103turi de Teatrul \u201eGeorge Ciprian&#8221;, Centrul Jude\u0163ean de Cultur\u0103 \u015fi Art\u0103 \u015fi Muzeul Jude\u0163ean Buz\u0103u, \u00eei invit\u0103 pe buzoienii la evenimentele dedicate s\u0103rb\u0103torilor de iarn\u0103 reunite sub titlul \u201eDecembrie de Poveste&#8221;. T\u00e2rgul de Cr\u0103ciun din Parcul Centrului Muzeal I.C. Br\u0103tianu, deschis chiar de Ziua Na\u021bional\u0103 a Rom\u00e2niei, \u00ee\u0219i a\u0219eapt\u0103 vizitatorii p\u00e2n\u0103 pe 24 decembrie, \u00eentre orele 14:00 &#8211; 20:00, cu produse tradi\u0163ionale, obiecte de artizanat \u015fi surprize preg\u0103tite de me\u015fterii locali. Seria evenimentelor dedicate celor mici, va debuta, vineri, 5 decembrie, cu un concert de colinde sus\u021binut&hellip;<\/p>\n","protected":false},"author":4,"featured_media":23813,"comment_status":"closed","ping_status":"closed","sticky":false,"template":"","format":"standard","meta":{"footnotes":""},"categories":[168],"tags":[8276,5068,5990,5035],"class_list":["post-23812","post","type-post","status-publish","format-standard","has-post-thumbnail","hentry","category-informatia-de-buzau","tag-centrul-ic-bratianu","tag-colinde","tag-decembrie","tag-sarbatori-de-iarna"],"gutentor_comment":0,"_links":{"self":[{"href":"https:\/\/scurtpe2.ro\/index.php?rest_route=\/wp\/v2\/posts\/23812","targetHints":{"allow":["GET"]}}],"collection":[{"href":"https:\/\/scurtpe2.ro\/index.php?rest_route=\/wp\/v2\/posts"}],"about":[{"href":"https:\/\/scurtpe2.ro\/index.php?rest_route=\/wp\/v2\/types\/post"}],"author":[{"embeddable":true,"href":"https:\/\/scurtpe2.ro\/index.php?rest_route=\/wp\/v2\/users\/4"}],"replies":[{"embeddable":true,"href":"https:\/\/scurtpe2.ro\/index.php?rest_route=%2Fwp%2Fv2%2Fcomments&post=23812"}],"version-history":[{"count":1,"href":"https:\/\/scurtpe2.ro\/index.php?rest_route=\/wp\/v2\/posts\/23812\/revisions"}],"predecessor-version":[{"id":23814,"href":"https:\/\/scurtpe2.ro\/index.php?rest_route=\/wp\/v2\/posts\/23812\/revisions\/23814"}],"wp:featuredmedia":[{"embeddable":true,"href":"https:\/\/scurtpe2.ro\/index.php?rest_route=\/wp\/v2\/media\/23813"}],"wp:attachment":[{"href":"https:\/\/scurtpe2.ro\/index.php?rest_route=%2Fwp%2Fv2%2Fmedia&parent=23812"}],"wp:term":[{"taxonomy":"category","embeddable":true,"href":"https:\/\/scurtpe2.ro\/index.php?rest_route=%2Fwp%2Fv2%2Fcategories&post=23812"},{"taxonomy":"post_tag","embeddable":true,"href":"https:\/\/scurtpe2.ro\/index.php?rest_route=%2Fwp%2Fv2%2Ftags&post=23812"}],"curies":[{"name":"wp","href":"https:\/\/api.w.org\/{rel}","templated":true}]}}