{"id":23794,"date":"2025-11-24T18:29:02","date_gmt":"2025-11-24T15:29:02","guid":{"rendered":"https:\/\/scurtpe2.ro\/?p=23794"},"modified":"2025-12-02T18:03:36","modified_gmt":"2025-12-02T15:03:36","slug":"scoala-mai-aproape-de-familie","status":"publish","type":"post","link":"https:\/\/scurtpe2.ro\/?p=23794","title":{"rendered":"\u0218COALA, MAI APROAPE DE FAMILIE"},"content":{"rendered":"<p class=\"yiv9731967620ydpeb35c8c3msonormal\" style=\"background: white;\"><span lang=\"EN-US\" style=\"font-size: 18.0pt; color: #1d2228;\">Dasc\u0103lii \u0218colii Gimnaziale \u201dGheorghe Vernescu\u201d din R\u00e2mnicu S\u0103rat \u0219i-au propus s\u0103 consolideze rela\u021bia cu p\u0103rin\u021bii \u0219i s\u0103-i informeze \u00een permanen\u021b\u0103 cu privire la situa\u021bia \u0219colar\u0103 a copiilor. Cadrele didactice organizeaz\u0103, \u00een fiecare lun\u0103, \u201dSeara comunit\u0103\u021bii\u201d, prilej cu care, pe un ecran din curtea \u0219colii sunt proiectate imagini cu activit\u0103\u021bile desf\u0103\u0219urate de elevi, astfel \u00eenc\u00e2t p\u0103rin\u021bii s\u0103 se bucure de preocup\u0103rile \u0219colare ale celor mici.<\/span><\/p>\n<p class=\"yiv9731967620ydpeb35c8c3msonormal\" style=\"background: white;\"><span lang=\"EN-US\" style=\"font-size: 18.0pt; color: #1d2228;\">Rela\u021biile de colaborare dintre \u0219coal\u0103 \u0219i familie reprezint\u0103 un mijloc de promovare a succesului \u0219i a performan\u021bei elevilor. Speciali\u0219tii consider\u0103 c\u0103 leg\u0103turile pozitive dintre \u0219coal\u0103 \u0219i familie \u00eembun\u0103t\u0103\u021besc rezultatele \u0219colare, competen\u021bele sociale \u0219i bun\u0103starea emo\u021bional\u0103 a copiilor.\u00a0Atunci c\u00e2nd p\u0103rin\u021bii \u0219i profesorii lucreaz\u0103 ca parteneri, copiii au rezultate mai bune \u0219i la \u0219coal\u0103, dar \u0219i acas\u0103.<\/span><\/p>\n","protected":false},"excerpt":{"rendered":"<p>Dasc\u0103lii \u0218colii Gimnaziale \u201dGheorghe Vernescu\u201d din R\u00e2mnicu S\u0103rat \u0219i-au propus s\u0103 consolideze rela\u021bia cu p\u0103rin\u021bii \u0219i s\u0103-i informeze \u00een permanen\u021b\u0103 cu privire la situa\u021bia \u0219colar\u0103 a copiilor. Cadrele didactice organizeaz\u0103, \u00een fiecare lun\u0103, \u201dSeara comunit\u0103\u021bii\u201d, prilej cu care, pe un ecran din curtea \u0219colii sunt proiectate imagini cu activit\u0103\u021bile desf\u0103\u0219urate de elevi, astfel \u00eenc\u00e2t p\u0103rin\u021bii s\u0103 se bucure de preocup\u0103rile \u0219colare ale celor mici. Rela\u021biile de colaborare dintre \u0219coal\u0103 \u0219i familie reprezint\u0103 un mijloc de promovare a succesului \u0219i a performan\u021bei elevilor. Speciali\u0219tii consider\u0103 c\u0103 leg\u0103turile pozitive dintre \u0219coal\u0103 \u0219i&hellip;<\/p>\n","protected":false},"author":4,"featured_media":15652,"comment_status":"closed","ping_status":"closed","sticky":false,"template":"","format":"standard","meta":{"footnotes":""},"categories":[165],"tags":[2298,826,5710,8393],"class_list":["post-23794","post","type-post","status-publish","format-standard","has-post-thumbnail","hentry","category-informatia-de-ramnic","tag-parinti","tag-profesori","tag-scoala-gh-vernescu","tag-seara-comunitatii"],"gutentor_comment":0,"_links":{"self":[{"href":"https:\/\/scurtpe2.ro\/index.php?rest_route=\/wp\/v2\/posts\/23794","targetHints":{"allow":["GET"]}}],"collection":[{"href":"https:\/\/scurtpe2.ro\/index.php?rest_route=\/wp\/v2\/posts"}],"about":[{"href":"https:\/\/scurtpe2.ro\/index.php?rest_route=\/wp\/v2\/types\/post"}],"author":[{"embeddable":true,"href":"https:\/\/scurtpe2.ro\/index.php?rest_route=\/wp\/v2\/users\/4"}],"replies":[{"embeddable":true,"href":"https:\/\/scurtpe2.ro\/index.php?rest_route=%2Fwp%2Fv2%2Fcomments&post=23794"}],"version-history":[{"count":1,"href":"https:\/\/scurtpe2.ro\/index.php?rest_route=\/wp\/v2\/posts\/23794\/revisions"}],"predecessor-version":[{"id":23805,"href":"https:\/\/scurtpe2.ro\/index.php?rest_route=\/wp\/v2\/posts\/23794\/revisions\/23805"}],"wp:featuredmedia":[{"embeddable":true,"href":"https:\/\/scurtpe2.ro\/index.php?rest_route=\/wp\/v2\/media\/15652"}],"wp:attachment":[{"href":"https:\/\/scurtpe2.ro\/index.php?rest_route=%2Fwp%2Fv2%2Fmedia&parent=23794"}],"wp:term":[{"taxonomy":"category","embeddable":true,"href":"https:\/\/scurtpe2.ro\/index.php?rest_route=%2Fwp%2Fv2%2Fcategories&post=23794"},{"taxonomy":"post_tag","embeddable":true,"href":"https:\/\/scurtpe2.ro\/index.php?rest_route=%2Fwp%2Fv2%2Ftags&post=23794"}],"curies":[{"name":"wp","href":"https:\/\/api.w.org\/{rel}","templated":true}]}}