{"id":23708,"date":"2025-10-24T17:53:04","date_gmt":"2025-10-24T14:53:04","guid":{"rendered":"https:\/\/scurtpe2.ro\/?p=23708"},"modified":"2025-10-24T17:53:04","modified_gmt":"2025-10-24T14:53:04","slug":"o-solutie-pentru-reducerea-aglomeratiei","status":"publish","type":"post","link":"https:\/\/scurtpe2.ro\/?p=23708","title":{"rendered":"O SOLU\u021aIE PENTRU REDUCEREA AGLOMERA\u021aIEI"},"content":{"rendered":"<p>Autorit\u0103\u021bile din R\u00e2mnicu S\u0103rat caut\u0103, \u00een continuare, solu\u021bii pentru a descongestiona traficul din municipiu. Pentru a reduce aglomera\u021bia din trafic, primarul Sorin C\u00eerjan ia \u00een calcul \u0219i \u00eenfiin\u021barea unor microbuze sau trasee \u0219colare. Edilul crede c\u0103, pe viitor, microbuzele care ar putea prelua m\u0103car o parte dintre elevi ar fi o solu\u021bie inspirat\u0103.<\/p>\n<p>Reprezentan\u021bii Prim\u0103riei consider\u0103 c\u0103, uneori, aglomera\u021bia din zona unit\u0103\u021bilor \u0219colare este cauzat\u0103 chiar de unii dintre p\u0103rin\u021bi.<\/p>\n<p>\u00cen ultimii ani, \u0219i la R\u00e2mnicu S\u0103rat s-a \u00eenregistrat o cre\u0219tere a num\u0103rului de autoturisme, iar traficul se desf\u0103\u0219oar\u0103 anevoios \u00een anumite intervale orare. Pentru evitarea unor blocaje, zona unit\u0103\u021bilor de \u00eenv\u0103\u021b\u0103m\u00e2nt ar trebui atent monitorizat\u0103 de politi\u0219ti \u0219i luate m\u0103suri \u00een cazul celor care \u00eencurc\u0103 traficul. De asemenea, trebuie eliminate toate neregulile constate \u0219i impuse m\u0103suri pentru siguran\u021ba tuturor participan\u021bilor la trafic.<\/p>\n","protected":false},"excerpt":{"rendered":"<p>Autorit\u0103\u021bile din R\u00e2mnicu S\u0103rat caut\u0103, \u00een continuare, solu\u021bii pentru a descongestiona traficul din municipiu. Pentru a reduce aglomera\u021bia din trafic, primarul Sorin C\u00eerjan ia \u00een calcul \u0219i \u00eenfiin\u021barea unor microbuze sau trasee \u0219colare. Edilul crede c\u0103, pe viitor, microbuzele care ar putea prelua m\u0103car o parte dintre elevi ar fi o solu\u021bie inspirat\u0103. Reprezentan\u021bii Prim\u0103riei consider\u0103 c\u0103, uneori, aglomera\u021bia din zona unit\u0103\u021bilor \u0219colare este cauzat\u0103 chiar de unii dintre p\u0103rin\u021bi. \u00cen ultimii ani, \u0219i la R\u00e2mnicu S\u0103rat s-a \u00eenregistrat o cre\u0219tere a num\u0103rului de autoturisme, iar traficul se desf\u0103\u0219oar\u0103 anevoios&hellip;<\/p>\n","protected":false},"author":4,"featured_media":23709,"comment_status":"closed","ping_status":"closed","sticky":false,"template":"","format":"standard","meta":{"footnotes":""},"categories":[165],"tags":[246,2209,822,728,7947],"class_list":["post-23708","post","type-post","status-publish","format-standard","has-post-thumbnail","hentry","category-informatia-de-ramnic","tag-elevi","tag-microbuze","tag-scoala","tag-trafic","tag-transport-scolar"],"gutentor_comment":0,"_links":{"self":[{"href":"https:\/\/scurtpe2.ro\/index.php?rest_route=\/wp\/v2\/posts\/23708","targetHints":{"allow":["GET"]}}],"collection":[{"href":"https:\/\/scurtpe2.ro\/index.php?rest_route=\/wp\/v2\/posts"}],"about":[{"href":"https:\/\/scurtpe2.ro\/index.php?rest_route=\/wp\/v2\/types\/post"}],"author":[{"embeddable":true,"href":"https:\/\/scurtpe2.ro\/index.php?rest_route=\/wp\/v2\/users\/4"}],"replies":[{"embeddable":true,"href":"https:\/\/scurtpe2.ro\/index.php?rest_route=%2Fwp%2Fv2%2Fcomments&post=23708"}],"version-history":[{"count":1,"href":"https:\/\/scurtpe2.ro\/index.php?rest_route=\/wp\/v2\/posts\/23708\/revisions"}],"predecessor-version":[{"id":23710,"href":"https:\/\/scurtpe2.ro\/index.php?rest_route=\/wp\/v2\/posts\/23708\/revisions\/23710"}],"wp:featuredmedia":[{"embeddable":true,"href":"https:\/\/scurtpe2.ro\/index.php?rest_route=\/wp\/v2\/media\/23709"}],"wp:attachment":[{"href":"https:\/\/scurtpe2.ro\/index.php?rest_route=%2Fwp%2Fv2%2Fmedia&parent=23708"}],"wp:term":[{"taxonomy":"category","embeddable":true,"href":"https:\/\/scurtpe2.ro\/index.php?rest_route=%2Fwp%2Fv2%2Fcategories&post=23708"},{"taxonomy":"post_tag","embeddable":true,"href":"https:\/\/scurtpe2.ro\/index.php?rest_route=%2Fwp%2Fv2%2Ftags&post=23708"}],"curies":[{"name":"wp","href":"https:\/\/api.w.org\/{rel}","templated":true}]}}