{"id":23695,"date":"2025-10-23T18:15:37","date_gmt":"2025-10-23T15:15:37","guid":{"rendered":"https:\/\/scurtpe2.ro\/?p=23695"},"modified":"2025-10-23T18:15:37","modified_gmt":"2025-10-23T15:15:37","slug":"o-relatie-normala-si-buna","status":"publish","type":"post","link":"https:\/\/scurtpe2.ro\/?p=23695","title":{"rendered":"O RELA\u021aIE NORMAL\u0102 \u0218I&#8230; BUN\u0102"},"content":{"rendered":"<p>O rela\u021bie normal\u0103 \u0219i bun\u0103! A\u0219a prevede primarul Buz\u0103ului Constantin Toma, rela\u021bia sa, pe viitor, cu fostul lider al PSD, Marcel Ciolacu, \u00een cazul \u00een care acesta din urm\u0103 ar ajunge\u00c2\u00a0 pre\u0219edinte al Consiliului Jude\u021bean, \u00een urma alegerilor par\u021biale din \u00c2\u00a07 decembrie. Declara\u021biile survin \u00een contextul \u00een care Toma l-a criticat dur pe fostul premier, dup\u0103 alegerile pentru pre\u0219edin\u021bia Rom\u00e2niei. \u0218i acum, edilul Buz\u0103ului consider\u0103 c\u0103 Marcel Ciolacu a f\u0103cut multe gre\u0219eli \u0219i c\u0103 ar fi vinovat de situa\u021bia economic\u0103 a \u021b\u0103rii.<\/p>\n<p>Constantin Toma spune c\u0103 a fost anun\u021bat chiar de fostul premier c\u0103 va candida la \u0219efia Consiliului Jude\u021bean Buz\u0103u. \u00cen ciuda atacurilor dure pe care le-a lansat \u00een acest an la adresa fostului lider PSD, edilul anun\u021b\u0103 c\u0103 \u00eel va sus\u021bine pentru aceast\u0103 func\u021bie.<\/p>\n<p>Toma recunoa\u0219te, \u00eens\u0103, c\u0103, at\u00e2t el, c\u00e2t \u0219i ceilal\u021bi primari din jude\u021b vor avea o misiune foarte dificil\u0103 \u00een a convinge electoratul s\u0103-l aleag\u0103 pe Marcel Ciolacu.<\/p>\n<p>Surse politice sus\u021bin c\u0103, Marcel Ciolacu ar avea \u0219anse reale de a ob\u021bine \u0219efia Consiliului Jude\u021bean Buz\u0103u, dac\u0103 ar mai avea sus\u021binerea unui alt partid, \u00een spe\u021b\u0103 Alian\u021ba pentru Unirea Rom\u00e2nilor. Acelea\u0219i surse sus\u021bin c\u0103 deja se discut\u0103 ca un post de vicepre\u0219edinte al Consiliului Jude\u021bean s\u0103 fie cedat celor de la AUR.<\/p>\n","protected":false},"excerpt":{"rendered":"<p>O rela\u021bie normal\u0103 \u0219i bun\u0103! A\u0219a prevede primarul Buz\u0103ului Constantin Toma, rela\u021bia sa, pe viitor, cu fostul lider al PSD, Marcel Ciolacu, \u00een cazul \u00een care acesta din urm\u0103 ar ajunge\u00c2\u00a0 pre\u0219edinte al Consiliului Jude\u021bean, \u00een urma alegerilor par\u021biale din \u00c2\u00a07 decembrie. Declara\u021biile survin \u00een contextul \u00een care Toma l-a criticat dur pe fostul premier, dup\u0103 alegerile pentru pre\u0219edin\u021bia Rom\u00e2niei. \u0218i acum, edilul Buz\u0103ului consider\u0103 c\u0103 Marcel Ciolacu a f\u0103cut multe gre\u0219eli \u0219i c\u0103 ar fi vinovat de situa\u021bia economic\u0103 a \u021b\u0103rii. Constantin Toma spune c\u0103 a fost anun\u021bat chiar&hellip;<\/p>\n","protected":false},"author":4,"featured_media":23697,"comment_status":"closed","ping_status":"closed","sticky":false,"template":"","format":"standard","meta":{"footnotes":""},"categories":[168],"tags":[2234,523,318,1231],"class_list":["post-23695","post","type-post","status-publish","format-standard","has-post-thumbnail","hentry","category-informatia-de-buzau","tag-alegeri","tag-consiliu-judetean","tag-constantin-toma","tag-marcel-ciolacu"],"gutentor_comment":0,"_links":{"self":[{"href":"https:\/\/scurtpe2.ro\/index.php?rest_route=\/wp\/v2\/posts\/23695","targetHints":{"allow":["GET"]}}],"collection":[{"href":"https:\/\/scurtpe2.ro\/index.php?rest_route=\/wp\/v2\/posts"}],"about":[{"href":"https:\/\/scurtpe2.ro\/index.php?rest_route=\/wp\/v2\/types\/post"}],"author":[{"embeddable":true,"href":"https:\/\/scurtpe2.ro\/index.php?rest_route=\/wp\/v2\/users\/4"}],"replies":[{"embeddable":true,"href":"https:\/\/scurtpe2.ro\/index.php?rest_route=%2Fwp%2Fv2%2Fcomments&post=23695"}],"version-history":[{"count":1,"href":"https:\/\/scurtpe2.ro\/index.php?rest_route=\/wp\/v2\/posts\/23695\/revisions"}],"predecessor-version":[{"id":23698,"href":"https:\/\/scurtpe2.ro\/index.php?rest_route=\/wp\/v2\/posts\/23695\/revisions\/23698"}],"wp:featuredmedia":[{"embeddable":true,"href":"https:\/\/scurtpe2.ro\/index.php?rest_route=\/wp\/v2\/media\/23697"}],"wp:attachment":[{"href":"https:\/\/scurtpe2.ro\/index.php?rest_route=%2Fwp%2Fv2%2Fmedia&parent=23695"}],"wp:term":[{"taxonomy":"category","embeddable":true,"href":"https:\/\/scurtpe2.ro\/index.php?rest_route=%2Fwp%2Fv2%2Fcategories&post=23695"},{"taxonomy":"post_tag","embeddable":true,"href":"https:\/\/scurtpe2.ro\/index.php?rest_route=%2Fwp%2Fv2%2Ftags&post=23695"}],"curies":[{"name":"wp","href":"https:\/\/api.w.org\/{rel}","templated":true}]}}