{"id":23690,"date":"2025-10-23T18:05:59","date_gmt":"2025-10-23T15:05:59","guid":{"rendered":"https:\/\/scurtpe2.ro\/?p=23690"},"modified":"2025-10-23T18:05:59","modified_gmt":"2025-10-23T15:05:59","slug":"zilele-recoltei-la-prima-editie","status":"publish","type":"post","link":"https:\/\/scurtpe2.ro\/?p=23690","title":{"rendered":"-\u0153ZILELE RECOLTEI-\u009d, LA PRIMA EDI\u021aIE"},"content":{"rendered":"<p class=\"yiv9447671991ydp9b74e482msonormal\" style=\"background: white;\"><span lang=\"EN-US\" style=\"font-size: 18.0pt; color: #1d2228;\">R\u00e2mnicenii, \u0219i nu numai ei, sunt invita\u021bi, la sf\u00e2r\u0219itul acestei s\u0103pt\u0103m\u00e2ni, la un eveniment plin de arome \u0219i culoare. Vineri, s\u00e2mb\u0103t\u0103 \u0219i duminic\u0103, are loc prima edi\u021bie a &#8222;\u009dZilelor Recoltei&#8221;\u009d. Numero\u0219i produc\u0103tori agricoli \u0219i comercian\u021bi vor fi prezen\u021bi\u00c2\u00a0\u00c2\u00a0\u00eentr-un cadru special amenajat, pe \u0218oseaua Podoriei, pe terenul de fotbal din incinta fostelor unit\u0103\u021bi militare. Organizatorii sper\u0103 ca evenimentul s\u0103 devin\u0103 o tradi\u021bie pentru produc\u0103torii \u0219i comercian\u021bii din zon\u0103.<\/span><\/p>\n<p class=\"yiv9447671991ydp9b74e482msonormal\" style=\"background: white;\"><span lang=\"EN-US\" style=\"font-size: 18.0pt; color: #1d2228;\">Al\u0103turi de legume, fructe \u0219i alte produse de sezon, publicul se va putea bucura \u0219i de un parc de distrac\u021bie, plimb\u0103ri cu ponei, terase cu bun\u0103t\u0103\u021bi, dar \u0219i muzic\u0103 \u0219i voie bun\u0103.<\/span><\/p>\n<p class=\"yiv9447671991ydp9b74e482msonormal\" style=\"background: white;\"><span lang=\"EN-US\" style=\"font-size: 18.0pt; color: #1d2228;\">Organizatorii evenimentului \u00ee\u0219i doresc ca to\u021bi vizitatorii s\u0103 se bucure din plin de &#8222;\u009dZilele Recoltei&#8221;\u009d.<\/span><\/p>\n<p class=\"yiv9447671991ydp9b74e482msonormal\" style=\"background: white;\"><span lang=\"EN-US\" style=\"font-size: 18.0pt; color: #1d2228;\">\u00cen perioada urm\u0103toare, publicul este a\u0219teptat s\u0103 participe\u00c2\u00a0\u0219i la alte t\u00e2rguri care se vor organiza \u00een municipiul R\u00e2mnicu S\u0103rat.<\/span><\/p>\n","protected":false},"excerpt":{"rendered":"<p>R\u00e2mnicenii, \u0219i nu numai ei, sunt invita\u021bi, la sf\u00e2r\u0219itul acestei s\u0103pt\u0103m\u00e2ni, la un eveniment plin de arome \u0219i culoare. Vineri, s\u00e2mb\u0103t\u0103 \u0219i duminic\u0103, are loc prima edi\u021bie a &#8222;\u009dZilelor Recoltei&#8221;\u009d. Numero\u0219i produc\u0103tori agricoli \u0219i comercian\u021bi vor fi prezen\u021bi\u00c2\u00a0\u00c2\u00a0\u00eentr-un cadru special amenajat, pe \u0218oseaua Podoriei, pe terenul de fotbal din incinta fostelor unit\u0103\u021bi militare. Organizatorii sper\u0103 ca evenimentul s\u0103 devin\u0103 o tradi\u021bie pentru produc\u0103torii \u0219i comercian\u021bii din zon\u0103. Al\u0103turi de legume, fructe \u0219i alte produse de sezon, publicul se va putea bucura \u0219i de un parc de distrac\u021bie, plimb\u0103ri cu ponei,&hellip;<\/p>\n","protected":false},"author":4,"featured_media":23691,"comment_status":"closed","ping_status":"closed","sticky":false,"template":"","format":"standard","meta":{"footnotes":""},"categories":[165],"tags":[2580,778,1407,8381,8380],"class_list":["post-23690","post","type-post","status-publish","format-standard","has-post-thumbnail","hentry","category-informatia-de-ramnic","tag-muzica","tag-ramniceni","tag-targ","tag-unitatea-militara","tag-zilele-recoltei"],"gutentor_comment":0,"_links":{"self":[{"href":"https:\/\/scurtpe2.ro\/index.php?rest_route=\/wp\/v2\/posts\/23690","targetHints":{"allow":["GET"]}}],"collection":[{"href":"https:\/\/scurtpe2.ro\/index.php?rest_route=\/wp\/v2\/posts"}],"about":[{"href":"https:\/\/scurtpe2.ro\/index.php?rest_route=\/wp\/v2\/types\/post"}],"author":[{"embeddable":true,"href":"https:\/\/scurtpe2.ro\/index.php?rest_route=\/wp\/v2\/users\/4"}],"replies":[{"embeddable":true,"href":"https:\/\/scurtpe2.ro\/index.php?rest_route=%2Fwp%2Fv2%2Fcomments&post=23690"}],"version-history":[{"count":1,"href":"https:\/\/scurtpe2.ro\/index.php?rest_route=\/wp\/v2\/posts\/23690\/revisions"}],"predecessor-version":[{"id":23692,"href":"https:\/\/scurtpe2.ro\/index.php?rest_route=\/wp\/v2\/posts\/23690\/revisions\/23692"}],"wp:featuredmedia":[{"embeddable":true,"href":"https:\/\/scurtpe2.ro\/index.php?rest_route=\/wp\/v2\/media\/23691"}],"wp:attachment":[{"href":"https:\/\/scurtpe2.ro\/index.php?rest_route=%2Fwp%2Fv2%2Fmedia&parent=23690"}],"wp:term":[{"taxonomy":"category","embeddable":true,"href":"https:\/\/scurtpe2.ro\/index.php?rest_route=%2Fwp%2Fv2%2Fcategories&post=23690"},{"taxonomy":"post_tag","embeddable":true,"href":"https:\/\/scurtpe2.ro\/index.php?rest_route=%2Fwp%2Fv2%2Ftags&post=23690"}],"curies":[{"name":"wp","href":"https:\/\/api.w.org\/{rel}","templated":true}]}}