{"id":23688,"date":"2025-10-23T17:58:07","date_gmt":"2025-10-23T14:58:07","guid":{"rendered":"https:\/\/scurtpe2.ro\/?p=23688"},"modified":"2025-10-23T17:58:07","modified_gmt":"2025-10-23T14:58:07","slug":"adapost-pentru-oamenii-strazii-2","status":"publish","type":"post","link":"https:\/\/scurtpe2.ro\/?p=23688","title":{"rendered":"AD\u0102POST PENTRU OAMENII STR\u0102ZII"},"content":{"rendered":"<p>R\u00e2mnicu S\u0103rat are un ad\u0103post care va g\u0103zdui, pe timpul nop\u021bii, persoanele f\u0103r\u0103 un acoperi\u0219 deasupra capului. Ad\u0103postul este amenajat \u00een urma unei asocieri \u00eentre municipiul R\u00e2mnicu S\u0103rat, Direc\u021bia de Asisten\u021b\u0103 Social\u0103 \u0219i Funda\u021bia &#8222;\u009dS\u0103ndulache&#8221;\u009d. \u00cen aceast\u0103 perioad\u0103 se realizeaz\u0103 demersurile tehnice, pentru ca Direc\u021bia de Asisten\u021b\u0103 Social\u0103 s\u0103 intre \u00een posesia dona\u021biei acestui centru.<\/p>\n<p>Ad\u0103postul pentru oamenii str\u0103zii este construit \u00een cartierul Alecu Bagdat \u0219i va putea g\u0103zdui 10-15 persoane. Centrul va func\u021biona doar pe timpul nop\u021bii, iar cl\u0103direa va fi supravegheat\u0103 de un administrator.<\/p>\n<p>\u00cen vara anului 2023, Consiliul Local Municipal R\u00e2mnicu S\u0103rat a aprobat asocierea care va permite realizarea acestei investi\u021bii.<\/p>\n","protected":false},"excerpt":{"rendered":"<p>R\u00e2mnicu S\u0103rat are un ad\u0103post care va g\u0103zdui, pe timpul nop\u021bii, persoanele f\u0103r\u0103 un acoperi\u0219 deasupra capului. Ad\u0103postul este amenajat \u00een urma unei asocieri \u00eentre municipiul R\u00e2mnicu S\u0103rat, Direc\u021bia de Asisten\u021b\u0103 Social\u0103 \u0219i Funda\u021bia &#8222;\u009dS\u0103ndulache&#8221;\u009d. \u00cen aceast\u0103 perioad\u0103 se realizeaz\u0103 demersurile tehnice, pentru ca Direc\u021bia de Asisten\u021b\u0103 Social\u0103 s\u0103 intre \u00een posesia dona\u021biei acestui centru. Ad\u0103postul pentru oamenii str\u0103zii este construit \u00een cartierul Alecu Bagdat \u0219i va putea g\u0103zdui 10-15 persoane. Centrul va func\u021biona doar pe timpul nop\u021bii, iar cl\u0103direa va fi supravegheat\u0103 de un administrator. \u00cen vara anului 2023,&hellip;<\/p>\n","protected":false},"author":4,"featured_media":18092,"comment_status":"closed","ping_status":"closed","sticky":false,"template":"","format":"standard","meta":{"footnotes":""},"categories":[165],"tags":[5348,938,7238],"class_list":["post-23688","post","type-post","status-publish","format-standard","has-post-thumbnail","hentry","category-informatia-de-ramnic","tag-adapost","tag-asistenta-sociala","tag-fundatie"],"gutentor_comment":0,"_links":{"self":[{"href":"https:\/\/scurtpe2.ro\/index.php?rest_route=\/wp\/v2\/posts\/23688","targetHints":{"allow":["GET"]}}],"collection":[{"href":"https:\/\/scurtpe2.ro\/index.php?rest_route=\/wp\/v2\/posts"}],"about":[{"href":"https:\/\/scurtpe2.ro\/index.php?rest_route=\/wp\/v2\/types\/post"}],"author":[{"embeddable":true,"href":"https:\/\/scurtpe2.ro\/index.php?rest_route=\/wp\/v2\/users\/4"}],"replies":[{"embeddable":true,"href":"https:\/\/scurtpe2.ro\/index.php?rest_route=%2Fwp%2Fv2%2Fcomments&post=23688"}],"version-history":[{"count":1,"href":"https:\/\/scurtpe2.ro\/index.php?rest_route=\/wp\/v2\/posts\/23688\/revisions"}],"predecessor-version":[{"id":23689,"href":"https:\/\/scurtpe2.ro\/index.php?rest_route=\/wp\/v2\/posts\/23688\/revisions\/23689"}],"wp:featuredmedia":[{"embeddable":true,"href":"https:\/\/scurtpe2.ro\/index.php?rest_route=\/wp\/v2\/media\/18092"}],"wp:attachment":[{"href":"https:\/\/scurtpe2.ro\/index.php?rest_route=%2Fwp%2Fv2%2Fmedia&parent=23688"}],"wp:term":[{"taxonomy":"category","embeddable":true,"href":"https:\/\/scurtpe2.ro\/index.php?rest_route=%2Fwp%2Fv2%2Fcategories&post=23688"},{"taxonomy":"post_tag","embeddable":true,"href":"https:\/\/scurtpe2.ro\/index.php?rest_route=%2Fwp%2Fv2%2Ftags&post=23688"}],"curies":[{"name":"wp","href":"https:\/\/api.w.org\/{rel}","templated":true}]}}